{"id":2945,"date":"2021-06-07T15:01:00","date_gmt":"2021-06-07T15:01:00","guid":{"rendered":"http:\/\/infoactual.com.ar\/?p=2945"},"modified":"2021-06-08T15:09:51","modified_gmt":"2021-06-08T15:09:51","slug":"edenor-y-onu-argentina-se-unen-por-el-cambio-climatico","status":"publish","type":"post","link":"https:\/\/infoactual.com.ar\/index.php\/2021\/06\/07\/edenor-y-onu-argentina-se-unen-por-el-cambio-climatico\/","title":{"rendered":"EDENOR Y ONU ARGENTINA SE UNEN POR EL CAMBIO CLIM\u00c1TICO"},"content":{"rendered":"\n<p><strong>Edenor<\/strong>&nbsp;y la Organizaci\u00f3n de las Naciones Unidas (ONU) en Argentina concretaron una alianza de comunicaci\u00f3n conjunta, en virtud de la contribuci\u00f3n de la compa\u00f1\u00eda en la diseminaci\u00f3n de los principios, los prop\u00f3sitos y la labor de dicho organismo sobre cambio clim\u00e1tico y cuidado del medioambiente.<\/p>\n\n\n\n<p>La alianza se enmarca en la Campa\u00f1a Consumo Inteligente que lanz\u00f3&nbsp;<strong>Edenor<\/strong>&nbsp;anticip\u00e1ndose al invierno a trav\u00e9s de \u201cLos Lamparini\u201d, la familia argentina que comparte su experiencia con informaci\u00f3n sobre consumo inteligente, herramientas digitales y una propuesta l\u00fadica educativa para ahorrar en las facturas y cuidar el medioambiente.<\/p>\n\n\n\n<p>La primera comunicaci\u00f3n conjunta se realiz\u00f3 el s\u00e1bado 5 de junio, en el marco del D\u00eda Mundial del Medioambiente, donde la compa\u00f1\u00eda invita a sus clientes a sumarse a \u201cFactura Digital\u201d y contribuir de esta forma en reducir la contaminaci\u00f3n ambiental y cuidar el planeta.<\/p>\n\n\n\n<p>Con motivo de la alianza Ricardo Torres, director general de&nbsp;<strong>Edenor<\/strong>, manifest\u00f3: \u201cSentimos un gran orgullo de trabajar en alianza con ONU en una causa tan importante como es el consumo inteligente para el cuidado del planeta\u201d.<\/p>\n\n\n\n<p>Por su parte Tamar Hahn, directora del Centro de Informaci\u00f3n ONU para Argentina y Uruguay sintetiz\u00f3:&nbsp;<em>\u201cCreemos que la alianza con Edenor permitir\u00e1 darle amplia difusi\u00f3n a las acciones que pueden tomar las personas en su vida diaria y que contribuyen a proteger nuestro planeta y a cuidar el medioambiente. Estamos en un momento crucial, si no tomamos conciencia y acci\u00f3n inmediata la destrucci\u00f3n de la naturaleza, el cambio clim\u00e1tico y la contaminaci\u00f3n seguir\u00e1n avanzando a pasos agigantados, causando crisis por inseguridad alimentaria y otros desastres. La ONU est\u00e1 lanzando varias campa\u00f1as globales para poder hacer frente a estos desaf\u00edos y estamos muy entusiasmados con poder sumar esfuerzos junto con una gran empresa como Edenor\u201d.<\/em><\/p>\n\n\n\n<p><strong>Campa\u00f1a de Consumo \u201cLos Lamparini \u2013Familia eficiente\u201d<\/strong><\/p>\n\n\n\n<p><strong>Edenor<\/strong>&nbsp;lanz\u00f3 una campa\u00f1a dirigida a sus clientes residenciales con el fin de concientizar y educarlos sobre los factores que inciden en el consumo de energ\u00eda.<\/p>\n\n\n\n<p>En l\u00edneas generales, los objetivos que lleva adelante la compa\u00f1\u00eda son inculcar que, a base de buenos h\u00e1bitos, es posible lograr un consumo inteligente de la electricidad. Asimismo, se busca brindar diferentes herramientas a los clientes para que puedan tener previsibilidad en cuanto a lo que consumen cotidianamente, con la incorporaci\u00f3n de distintos consejos que permitan influir en la factura final que reciben.<\/p>\n\n\n\n<p>El rasgo distintivo de esta campa\u00f1a es que la comunicaci\u00f3n estar\u00e1 cargo, con una propuesta interactiva, de la Familia Lamparini.<\/p>\n\n\n\n<p>Los Lamparini son una familia argentina especialista en consumo inteligente que cuida la energ\u00eda con buenos h\u00e1bitos de consumo y los comparte con todos los clientes de&nbsp;<strong>Edenor<\/strong>. Cada uno de los integrantes tendr\u00e1 un rol especifico en la bajada de los contenidos.<\/p>\n\n\n\n<p><strong><em>La familia est\u00e1 compuesta por cinco personajes:<\/em><\/strong><\/p>\n\n\n\n<p><strong>Leticia:<\/strong>&nbsp;Es una mama muy did\u00e1ctica y ordenada. Conoce toda la informaci\u00f3n importante sobre consumo de energ\u00eda el\u00e9ctrica y es experta en ahorro.<\/p>\n\n\n\n<p><strong>Benja:<\/strong>&nbsp;Es un adolescente gamer al que le gusta explorar el mundo de las apps, para luego hacer tutoriales y explicarles a sus seguidores en redes sociales cuales son las ventajas de cada una. Es fan\u00e1tico del simulador de consumo de&nbsp;<strong>Edenor<\/strong>.<\/p>\n\n\n\n<p><strong>Emilia:<\/strong>&nbsp;Es la hija menor, amante de la naturaleza, el mundo sustentable y las energ\u00edas renovables. Ella promueve el uso inteligente de la energ\u00eda de manera l\u00fadica y brinda los consejos validados por&nbsp;<strong>Edenor&nbsp;<\/strong>y la ONU.<\/p>\n\n\n\n<p><strong>Esteban:<\/strong>&nbsp;Es el padre de la familia. Sabe mucho sobre consumo de electrodom\u00e9sticos. Conoce muy bien la etiqueta de eficiencia energ\u00e9tica y da consejos para un consumo inteligente.<\/p>\n\n\n\n<p><strong>Jorge:<\/strong>\u00a0Es el abuelo. Valora y promueve entre sus pares las herramientas digitales de\u00a0<strong>Edenor\u00a0<\/strong>para un consumo eficiente.<\/p>\n\n\n\n<p><strong>Micrositio \u201cLos Lamparini\u201d<\/strong><\/p>\n\n\n\n<p>La familia Lamparini profundizar\u00e1 en un micrositio ubicado en la web de la compa\u00f1\u00eda sobre diferentes tem\u00e1ticas que van desde: informaci\u00f3n para entender la factura; el acceso a herramientas necesarias para optimizar el uso de los electrodom\u00e9sticos del hogar mediante el&nbsp;<a href=\"https:\/\/simulador.edenor.com\/\" target=\"_blank\" rel=\"noreferrer noopener\">simulador de consumo de edenor<\/a>; consejos para ahorrar en las pr\u00f3ximas facturas y un apartado de trivias en el que cada uno podr\u00e1 evaluar su grado de conocimiento general sobre consumo inteligente.<\/p>\n\n\n\n<p>Ingres\u00e1 al micrositio:&nbsp;<a href=\"https:\/\/www.edenor.com\/CuidamosLaEnergia\" target=\"_blank\" rel=\"noreferrer noopener\">https:\/\/www.edenor.com\/CuidamosLaEnergia<\/a><\/p>\n","protected":false},"excerpt":{"rendered":"<p>Edenor&nbsp;y la Organizaci\u00f3n de las Naciones Unidas (ONU) en Argentina concretaron una alianza de comunicaci\u00f3n conjunta, en virtud de la contribuci\u00f3n de la compa\u00f1\u00eda en la diseminaci\u00f3n de los principios, los prop\u00f3sitos y la labor de dicho organismo sobre cambio clim\u00e1tico y cuidado del medioambiente. La alianza se enmarca en la Campa\u00f1a Consumo Inteligente que [&hellip;]<\/p>\n","protected":false},"author":3,"featured_media":2947,"comment_status":"open","ping_status":"open","sticky":false,"template":"","format":"standard","meta":{"footnotes":""},"categories":[45],"tags":[],"class_list":["post-2945","post","type-post","status-publish","format-standard","has-post-thumbnail","hentry","category-sociedad"],"_links":{"self":[{"href":"https:\/\/infoactual.com.ar\/index.php\/wp-json\/wp\/v2\/posts\/2945","targetHints":{"allow":["GET"]}}],"collection":[{"href":"https:\/\/infoactual.com.ar\/index.php\/wp-json\/wp\/v2\/posts"}],"about":[{"href":"https:\/\/infoactual.com.ar\/index.php\/wp-json\/wp\/v2\/types\/post"}],"author":[{"embeddable":true,"href":"https:\/\/infoactual.com.ar\/index.php\/wp-json\/wp\/v2\/users\/3"}],"replies":[{"embeddable":true,"href":"https:\/\/infoactual.com.ar\/index.php\/wp-json\/wp\/v2\/comments?post=2945"}],"version-history":[{"count":1,"href":"https:\/\/infoactual.com.ar\/index.php\/wp-json\/wp\/v2\/posts\/2945\/revisions"}],"predecessor-version":[{"id":2948,"href":"https:\/\/infoactual.com.ar\/index.php\/wp-json\/wp\/v2\/posts\/2945\/revisions\/2948"}],"wp:featuredmedia":[{"embeddable":true,"href":"https:\/\/infoactual.com.ar\/index.php\/wp-json\/wp\/v2\/media\/2947"}],"wp:attachment":[{"href":"https:\/\/infoactual.com.ar\/index.php\/wp-json\/wp\/v2\/media?parent=2945"}],"wp:term":[{"taxonomy":"category","embeddable":true,"href":"https:\/\/infoactual.com.ar\/index.php\/wp-json\/wp\/v2\/categories?post=2945"},{"taxonomy":"post_tag","embeddable":true,"href":"https:\/\/infoactual.com.ar\/index.php\/wp-json\/wp\/v2\/tags?post=2945"}],"curies":[{"name":"wp","href":"https:\/\/api.w.org\/{rel}","templated":true}]}}