{"id":3133,"date":"2021-06-14T01:40:06","date_gmt":"2021-06-14T01:40:06","guid":{"rendered":"http:\/\/infoactual.com.ar\/?p=3133"},"modified":"2021-06-14T01:40:10","modified_gmt":"2021-06-14T01:40:10","slug":"messi-mi-mayor-sueno-es-conseguir-un-titulo-con-la-seleccion-es-el-momento-de-dar-el-golpe-en-esta-copa","status":"publish","type":"post","link":"https:\/\/infoactual.com.ar\/index.php\/2021\/06\/14\/messi-mi-mayor-sueno-es-conseguir-un-titulo-con-la-seleccion-es-el-momento-de-dar-el-golpe-en-esta-copa\/","title":{"rendered":"MESSI: \u00abMI MAYOR SUE\u00d1O ES CONSEGUIR UN T\u00cdTULO CON LA SELECCI\u00d3N, ES EL MOMENTO DE DAR EL GOLPE EN ESTA COPA\u00bb"},"content":{"rendered":"\n<p><strong>Lionel Messi, capit\u00e1n y principal figura de la Selecci\u00f3n argentina, asegur\u00f3 hoy que su \u00abmayor sue\u00f1o es conseguir un t\u00edtulo\u00bb con el combinado \u00abalbiceleste\u00bb y que \u00abes el momento de dar el golpe en esta Copa Am\u00e9rica\u00bb.<\/strong><\/p>\n\n\n\n<p>&nbsp; &nbsp;Al respecto, el crack rosarino dijo: \u00abSiempre estoy disponible para la Selecci\u00f3n, estuve muy cerca de conseguir un t\u00edtulo varias veces y lo seguir\u00e9 intentando hasta que se d\u00e9. Ya tuve la suerte de ganar todo a nivel clubes e individual\u00bb.<\/p>\n\n\n\n<p>&nbsp;&nbsp; \u00abTenemos clara nuestra idea de juego, es el momento de dar el golpe en esta Copa\u00bb, sostuvo Messi en conferencia de prensa a un d\u00eda del juego frente a Chile, por la primera fecha del Grupo A del certamen que se disputa en Brasil.<\/p>\n\n\n\n<p>&nbsp;&nbsp; La \u00abPulga\u00bb dijo que es \u00abnecesaria una victoria en el primer partido porque da tranquilidad para lo que viene despu\u00e9s\u00bb, aunque remarc\u00f3 que Chile ser\u00e1 \u00abun rival duro\u00bb.<\/p>\n\n\n\n<p>&nbsp;&nbsp; \u00abLlegamos en un buen momento, hab\u00eda pasado mucho tiempo sin jugar juntos hasta el primer partido de Eliminatorias (empate 1 a 1 con Chile) y pese a no ganar hicimos buenos partidos\u00bb, consider\u00f3.<\/p>\n\n\n\n<p>&nbsp;&nbsp; Por otro lado, Messi relativiz\u00f3 el peso de su figura en el equipo y afirm\u00f3: \u00abEn ning\u00fan momento la Selecci\u00f3n dependi\u00f3 de m\u00ed\u00bb.<\/p>\n\n\n\n<p>&nbsp;&nbsp; En esa l\u00ednea, agreg\u00f3: \u00abSiempre buscamos ser un equipo fuerte, competitivo. Sin esto es dif\u00edcil ganar los partidos y conseguir los objetivos\u00bb.<\/p>\n\n\n\n<p>&nbsp;&nbsp; En tanto, la \u00abPulga\u00bb destac\u00f3 que haya una base de futbolistas que vienen \u00abtrabajando juntos desde hace un tiempo, muchos con experiencia de ya haber jugado la Copa Am\u00e9rica\u00bb.<\/p>\n\n\n\n<p>&nbsp;&nbsp; Finalmente, el futbolista del Barcelona expres\u00f3 su preocupaci\u00f3n por la pandemia de coronavirus y advirti\u00f3 sobre el riesgo de contagios, como ocurri\u00f3 con el plantel de Venezuela.<\/p>\n\n\n\n<p>&nbsp;&nbsp; \u00abNos preocupa, para todos es un riesgo el contagio. Tratamos de cuidarnos, de hacer todo lo que nos dicen, pero no estamos solos, hay otras selecciones, y puede pasar\u00bb, concluy\u00f3.<\/p>\n","protected":false},"excerpt":{"rendered":"<p>Lionel Messi, capit\u00e1n y principal figura de la Selecci\u00f3n argentina, asegur\u00f3 hoy que su \u00abmayor sue\u00f1o es conseguir un t\u00edtulo\u00bb con el combinado \u00abalbiceleste\u00bb y que \u00abes el momento de dar el golpe en esta Copa Am\u00e9rica\u00bb. &nbsp; &nbsp;Al respecto, el crack rosarino dijo: \u00abSiempre estoy disponible para la Selecci\u00f3n, estuve muy cerca de conseguir [&hellip;]<\/p>\n","protected":false},"author":2,"featured_media":3134,"comment_status":"open","ping_status":"open","sticky":false,"template":"","format":"standard","meta":{"footnotes":""},"categories":[50],"tags":[],"class_list":["post-3133","post","type-post","status-publish","format-standard","has-post-thumbnail","hentry","category-deportes"],"_links":{"self":[{"href":"https:\/\/infoactual.com.ar\/index.php\/wp-json\/wp\/v2\/posts\/3133","targetHints":{"allow":["GET"]}}],"collection":[{"href":"https:\/\/infoactual.com.ar\/index.php\/wp-json\/wp\/v2\/posts"}],"about":[{"href":"https:\/\/infoactual.com.ar\/index.php\/wp-json\/wp\/v2\/types\/post"}],"author":[{"embeddable":true,"href":"https:\/\/infoactual.com.ar\/index.php\/wp-json\/wp\/v2\/users\/2"}],"replies":[{"embeddable":true,"href":"https:\/\/infoactual.com.ar\/index.php\/wp-json\/wp\/v2\/comments?post=3133"}],"version-history":[{"count":1,"href":"https:\/\/infoactual.com.ar\/index.php\/wp-json\/wp\/v2\/posts\/3133\/revisions"}],"predecessor-version":[{"id":3135,"href":"https:\/\/infoactual.com.ar\/index.php\/wp-json\/wp\/v2\/posts\/3133\/revisions\/3135"}],"wp:featuredmedia":[{"embeddable":true,"href":"https:\/\/infoactual.com.ar\/index.php\/wp-json\/wp\/v2\/media\/3134"}],"wp:attachment":[{"href":"https:\/\/infoactual.com.ar\/index.php\/wp-json\/wp\/v2\/media?parent=3133"}],"wp:term":[{"taxonomy":"category","embeddable":true,"href":"https:\/\/infoactual.com.ar\/index.php\/wp-json\/wp\/v2\/categories?post=3133"},{"taxonomy":"post_tag","embeddable":true,"href":"https:\/\/infoactual.com.ar\/index.php\/wp-json\/wp\/v2\/tags?post=3133"}],"curies":[{"name":"wp","href":"https:\/\/api.w.org\/{rel}","templated":true}]}}