{"id":3265,"date":"2021-06-16T17:24:54","date_gmt":"2021-06-16T17:24:54","guid":{"rendered":"http:\/\/infoactual.com.ar\/?p=3265"},"modified":"2021-06-16T17:24:56","modified_gmt":"2021-06-16T17:24:56","slug":"tras-dos-meses-con-clases-virtuales-mas-de-3-millones-de-alumnos-bonaerenses-vuelven-a-las-aulas","status":"publish","type":"post","link":"https:\/\/infoactual.com.ar\/index.php\/2021\/06\/16\/tras-dos-meses-con-clases-virtuales-mas-de-3-millones-de-alumnos-bonaerenses-vuelven-a-las-aulas\/","title":{"rendered":"TRAS DOS MESES CON CLASES VIRTUALES, M\u00c1S DE 3 MILLONES DE ALUMNOS BONAERENSES VUELVEN A LAS AULAS"},"content":{"rendered":"\n<p><strong>Tras dos meses con clases virtuales debido al impacto de la segunda ola de contagios de coronavirus, m\u00e1s de 3 millones de alumnos del Conurbano bonaerense vuelven hoy a las aulas para retomar la educaci\u00f3n presencial.<\/strong><\/p>\n\n\n\n<p>&nbsp; &nbsp;El regreso hab\u00eda sido anunciado el pasado viernes por el gobernador bonaerense, Axel Kicillof, y se concreta hoy, ya que entre lunes y martes las autoridades de cada instituci\u00f3n educativa hab\u00edan tenido que volver a organizar el esquema de burbujas y horarios, as\u00ed como tambi\u00e9n se debieron realizar modificaciones edilicias.<\/p>\n\n\n\n<p>&nbsp;&nbsp; Las clases presenciales se hab\u00edan suspendido a comienzos de abril ante el aumento de casos positivos de Covid-19, por lo que los ni\u00f1os y adolescentes debieron volver a tener contacto virtual con las docentes y sus compa\u00f1eros.<\/p>\n\n\n\n<p>&nbsp;&nbsp; La vuelta a las escuelas beneficia a unos 3,2 millones de alumnos en el Conurbano, aunque todav\u00eda continuar\u00e1n con educaci\u00f3n a distancia otros 500 mil estudiantes de los distritos del Interior provincial que se encuentran en una complicada situaci\u00f3n epidemiol\u00f3gica y sanitaria.<\/p>\n\n\n\n<p>&nbsp;&nbsp; En tanto, la semana que viene unos 250 mil chicos de Carmen de Areco, Guamin\u00ed, Salto y Tres Arroyos retomar\u00e1n tambi\u00e9n su educaci\u00f3n en formato presencial.<\/p>\n\n\n\n<p>&nbsp;&nbsp; El retorno se produc\u00eda en forma gradual, al igual que hab\u00eda sido el comienzo del ciclo lectivo en marzo: agrupados en burbujas para respetar el distanciamiento en el aula.<\/p>\n\n\n\n<p>&nbsp;&nbsp; La normativa bonaerense, que sigue los lineamientos establecidos por el Decreto de Necesidad y Urgencia (DNU) del presidente Alberto Fern\u00e1ndez, establece el denominado \u00absem\u00e1foro epidemiol\u00f3gico\u00bb, que divide a los distritos de acuerdo a su situaci\u00f3n: las categor\u00edas son bajo riesgo, riesgo medio, alto riesgo y alarma epidemiol\u00f3gica.<\/p>\n\n\n\n<p>&nbsp;&nbsp; La presencialidad escolar est\u00e1 prohibida \u00fanicamente en los municipios que se encuentran en \u00abalarma epidemiol\u00f3gica\u00bb.<br>&nbsp;&nbsp; Ante el regreso a las aulas en los niveles Inicial, Primario y Secundario, el Gobierno bonaerense remarc\u00f3 que se debe apuntar al \u00abestricto cumplimiento de las medidas de cuidado\u00bb.<\/p>\n\n\n\n<p>&nbsp;&nbsp; En ese sentido, la Direcci\u00f3n General de Cultura y Educaci\u00f3n, a cargo de Agustina Vila, hizo hincapi\u00e9 en la incorporaci\u00f3n de medidores de di\u00f3xido de carbono en escuelas estatales, que servir\u00e1n para poder regular la apertura de puertas y ventanas necesaria para una adecuada ventilaci\u00f3n que mitigue el riesgo de contagio y la mayor comodidad t\u00e9rmica posible ante las bajas temperaturas.<\/p>\n\n\n\n<p>&nbsp;&nbsp; Adem\u00e1s de realizar testeos muestrales a docentes y auxiliares en las escuelas para la detecci\u00f3n de casos asintom\u00e1ticos, el Gobierno provincial indic\u00f3 que se enviaron en los \u00faltimos d\u00edas \u00abturnos a la totalidad de docentes y auxiliares inscriptos que a\u00fan no ten\u00edan su primera dosis\u00bb contra el coronavirus.<\/p>\n\n\n\n<p>&nbsp;&nbsp; \u00abLa vuelta a la presencialidad es un logro de todos los y las bonaerenses que debemos cuidar cada d\u00eda, continuando con el cumplimiento de las medidas que son efectivas para minimizar el contagio\u00bb, concluy\u00f3 la DGCyE.<\/p>\n","protected":false},"excerpt":{"rendered":"<p>Tras dos meses con clases virtuales debido al impacto de la segunda ola de contagios de coronavirus, m\u00e1s de 3 millones de alumnos del Conurbano bonaerense vuelven hoy a las aulas para retomar la educaci\u00f3n presencial. &nbsp; &nbsp;El regreso hab\u00eda sido anunciado el pasado viernes por el gobernador bonaerense, Axel Kicillof, y se concreta hoy, [&hellip;]<\/p>\n","protected":false},"author":2,"featured_media":3267,"comment_status":"open","ping_status":"open","sticky":false,"template":"","format":"standard","meta":{"footnotes":""},"categories":[43],"tags":[48],"class_list":["post-3265","post","type-post","status-publish","format-standard","has-post-thumbnail","hentry","category-politica","tag-destacada"],"_links":{"self":[{"href":"https:\/\/infoactual.com.ar\/index.php\/wp-json\/wp\/v2\/posts\/3265","targetHints":{"allow":["GET"]}}],"collection":[{"href":"https:\/\/infoactual.com.ar\/index.php\/wp-json\/wp\/v2\/posts"}],"about":[{"href":"https:\/\/infoactual.com.ar\/index.php\/wp-json\/wp\/v2\/types\/post"}],"author":[{"embeddable":true,"href":"https:\/\/infoactual.com.ar\/index.php\/wp-json\/wp\/v2\/users\/2"}],"replies":[{"embeddable":true,"href":"https:\/\/infoactual.com.ar\/index.php\/wp-json\/wp\/v2\/comments?post=3265"}],"version-history":[{"count":1,"href":"https:\/\/infoactual.com.ar\/index.php\/wp-json\/wp\/v2\/posts\/3265\/revisions"}],"predecessor-version":[{"id":3268,"href":"https:\/\/infoactual.com.ar\/index.php\/wp-json\/wp\/v2\/posts\/3265\/revisions\/3268"}],"wp:featuredmedia":[{"embeddable":true,"href":"https:\/\/infoactual.com.ar\/index.php\/wp-json\/wp\/v2\/media\/3267"}],"wp:attachment":[{"href":"https:\/\/infoactual.com.ar\/index.php\/wp-json\/wp\/v2\/media?parent=3265"}],"wp:term":[{"taxonomy":"category","embeddable":true,"href":"https:\/\/infoactual.com.ar\/index.php\/wp-json\/wp\/v2\/categories?post=3265"},{"taxonomy":"post_tag","embeddable":true,"href":"https:\/\/infoactual.com.ar\/index.php\/wp-json\/wp\/v2\/tags?post=3265"}],"curies":[{"name":"wp","href":"https:\/\/api.w.org\/{rel}","templated":true}]}}