{"id":3332,"date":"2021-06-18T13:54:30","date_gmt":"2021-06-18T13:54:30","guid":{"rendered":"http:\/\/infoactual.com.ar\/?p=3332"},"modified":"2021-06-18T13:54:31","modified_gmt":"2021-06-18T13:54:31","slug":"el-chacho-coudet-renovo-su-contrato-con-celta-de-vigo","status":"publish","type":"post","link":"https:\/\/infoactual.com.ar\/index.php\/2021\/06\/18\/el-chacho-coudet-renovo-su-contrato-con-celta-de-vigo\/","title":{"rendered":"EL \u00abCHACHO\u00bb COUDET RENOV\u00d3 SU CONTRATO CON CELTA DE VIGO"},"content":{"rendered":"\n<p><strong>El entrenador argentino Eduardo \u00abChacho\u00bb Coudet renov\u00f3 hoy su contrato con el Celta de Vigo de Espa\u00f1a, donde arrib\u00f3 a fines de 2020, hasta 2024.<\/strong><\/p>\n\n\n\n<p>&nbsp; &nbsp;\u00abJunto a Coudet continuar\u00e1 el resto del cuerpo t\u00e9cnico que acompa\u00f1a al preparador argentino desde su llegada: Ariel Broggi, segundo entrenador; Octavio Manera y Guido Cretari, preparadores f\u00edsicos, y Carlos Fern\u00e1ndez, analista\u00bb, inform\u00f3 la instituci\u00f3n a la prensa local.<\/p>\n\n\n\n<p>&nbsp;&nbsp; Por su parte, en conferencia de prensa, el \u00abChacho\u00bb se\u00f1al\u00f3: \u00abFeliz de poder estar aqu\u00ed y mirar juntos al futuro. Pienso ya en ganar el primer juego de la pr\u00f3xima temporada\u00bb.<\/p>\n\n\n\n<p>&nbsp;&nbsp; El ex director t\u00e9cnico de Rosario Central, Racing e Inter de Porto Alegre, de Brasil, cerr\u00f3 una gran campa\u00f1a en el elenco espa\u00f1ol, lo que llev\u00f3 al club a apostar por su continuidad por dos a\u00f1os y medio m\u00e1s.<\/p>\n\n\n\n<p>&nbsp;&nbsp; El Celta finaliz\u00f3 en la octava posici\u00f3n de LaLiga que gan\u00f3 el Atl\u00e9tico de Madrid de Diego \u00abCholo\u00bb Simeone, con 53 puntos: en 29 partidos, gan\u00f3 13, perdi\u00f3 nueve y empat\u00f3 siete, con una efectividad del 52,87 por ciento.<\/p>\n","protected":false},"excerpt":{"rendered":"<p>El entrenador argentino Eduardo \u00abChacho\u00bb Coudet renov\u00f3 hoy su contrato con el Celta de Vigo de Espa\u00f1a, donde arrib\u00f3 a fines de 2020, hasta 2024. &nbsp; &nbsp;\u00abJunto a Coudet continuar\u00e1 el resto del cuerpo t\u00e9cnico que acompa\u00f1a al preparador argentino desde su llegada: Ariel Broggi, segundo entrenador; Octavio Manera y Guido Cretari, preparadores f\u00edsicos, y [&hellip;]<\/p>\n","protected":false},"author":2,"featured_media":3333,"comment_status":"open","ping_status":"open","sticky":false,"template":"","format":"standard","meta":{"footnotes":""},"categories":[50],"tags":[],"class_list":["post-3332","post","type-post","status-publish","format-standard","has-post-thumbnail","hentry","category-deportes"],"_links":{"self":[{"href":"https:\/\/infoactual.com.ar\/index.php\/wp-json\/wp\/v2\/posts\/3332","targetHints":{"allow":["GET"]}}],"collection":[{"href":"https:\/\/infoactual.com.ar\/index.php\/wp-json\/wp\/v2\/posts"}],"about":[{"href":"https:\/\/infoactual.com.ar\/index.php\/wp-json\/wp\/v2\/types\/post"}],"author":[{"embeddable":true,"href":"https:\/\/infoactual.com.ar\/index.php\/wp-json\/wp\/v2\/users\/2"}],"replies":[{"embeddable":true,"href":"https:\/\/infoactual.com.ar\/index.php\/wp-json\/wp\/v2\/comments?post=3332"}],"version-history":[{"count":1,"href":"https:\/\/infoactual.com.ar\/index.php\/wp-json\/wp\/v2\/posts\/3332\/revisions"}],"predecessor-version":[{"id":3334,"href":"https:\/\/infoactual.com.ar\/index.php\/wp-json\/wp\/v2\/posts\/3332\/revisions\/3334"}],"wp:featuredmedia":[{"embeddable":true,"href":"https:\/\/infoactual.com.ar\/index.php\/wp-json\/wp\/v2\/media\/3333"}],"wp:attachment":[{"href":"https:\/\/infoactual.com.ar\/index.php\/wp-json\/wp\/v2\/media?parent=3332"}],"wp:term":[{"taxonomy":"category","embeddable":true,"href":"https:\/\/infoactual.com.ar\/index.php\/wp-json\/wp\/v2\/categories?post=3332"},{"taxonomy":"post_tag","embeddable":true,"href":"https:\/\/infoactual.com.ar\/index.php\/wp-json\/wp\/v2\/tags?post=3332"}],"curies":[{"name":"wp","href":"https:\/\/api.w.org\/{rel}","templated":true}]}}