{"id":37979,"date":"2024-05-17T14:12:12","date_gmt":"2024-05-17T17:12:12","guid":{"rendered":"http:\/\/infoactual.com.ar\/?p=37979"},"modified":"2024-05-17T14:12:13","modified_gmt":"2024-05-17T17:12:13","slug":"denunciaron-a-milei-por-el-costo-de-sus-viajes-no-oficiales-al-exterior","status":"publish","type":"post","link":"https:\/\/infoactual.com.ar\/index.php\/2024\/05\/17\/denunciaron-a-milei-por-el-costo-de-sus-viajes-no-oficiales-al-exterior\/","title":{"rendered":"Denunciaron a Milei por el costo de sus viajes no oficiales al exterior"},"content":{"rendered":"\n<p>El diputado del Partido Obrero Gabriel Solano denunci\u00f3 penalmente al presidente,&nbsp;<strong>Javier Milei<\/strong>, por el&nbsp;<strong>costo de sus viajes<\/strong>&nbsp;no oficiales al exterior, entre ellos el que inici\u00f3 hoy a Espa\u00f1a.<\/p>\n\n\n\n<p>La denuncia, que qued\u00f3 registrada bajo el n\u00famero 1871\/2024, recay\u00f3 en el juzgado federal a cargo del candidato a la Corte Suprema \u2013propuesto por Milei-&nbsp;<strong>Ariel Lijo.<\/strong><\/p>\n\n\n\n<p>Solano tambi\u00e9n denunci\u00f3 a la hermana del Presidente y secretaria general,&nbsp;<strong>Karina Milei.<\/strong><\/p>\n\n\n\n<p>La denuncia apunta a los delitos de&nbsp;<strong>\u201cdefraudaci\u00f3n contra la administraci\u00f3n p\u00fablica, abuso de autoridad, violaci\u00f3n a los deberes de funcionario p\u00fablico y malversaci\u00f3n de caudales p\u00fablicos\u201d.<\/strong><\/p>\n\n\n\n<p>Seg\u00fan el escrito, Milei utiliz\u00f3 \u201cfondos y bienes p\u00fablicos, entre ellos el avi\u00f3n presidencial, para viajar a Espa\u00f1a con el fin de participar en&nbsp;<strong>actividades del partido VOX\u201d.<\/strong><\/p>\n\n\n\n<p>El costo para el Estado superar\u00e1 los&nbsp;<strong>500&nbsp; mil d\u00f3lares,&nbsp;<\/strong>a\u00f1adi\u00f3.<\/p>\n\n\n\n<p>\u201cEl propio presidente&nbsp;<strong>reconoci\u00f3 que el viaje no constituye una visita de Estado,<\/strong>&nbsp;por lo que no deber\u00eda ser costeado por el gobierno argentino. Estamos ante los peores vicios de la casta pol\u00edtica, que usa en su beneficio el presupuesto p\u00fablico financiado por los contribuyentes\u201d, sostuvo Solano en la red social X.<\/p>\n\n\n\n<p>\u201cMientras Milei gastar\u00e1 m\u00e1s de medio mill\u00f3n de d\u00f3lares para actividades particulares, el pueblo sufre accidentes ferroviarios, porque el gobierno dice que&nbsp;<strong>\u2018no hay plata\u2019<\/strong>&nbsp;para reponer los cables robados y reparar el sistema de se\u00f1ales\u201d, resumi\u00f3.<\/p>\n\n\n\n<p>foto y texto: NA<\/p>\n","protected":false},"excerpt":{"rendered":"<p>El diputado del Partido Obrero Gabriel Solano denunci\u00f3 penalmente al presidente,&nbsp;Javier Milei, por el&nbsp;costo de sus viajes&nbsp;no oficiales al exterior, entre ellos el que inici\u00f3 hoy a Espa\u00f1a. La denuncia, que qued\u00f3 registrada bajo el n\u00famero 1871\/2024, recay\u00f3 en el juzgado federal a cargo del candidato a la Corte Suprema \u2013propuesto por Milei-&nbsp;Ariel Lijo. Solano [&hellip;]<\/p>\n","protected":false},"author":2,"featured_media":37980,"comment_status":"open","ping_status":"open","sticky":false,"template":"","format":"standard","meta":{"footnotes":""},"categories":[43],"tags":[],"class_list":["post-37979","post","type-post","status-publish","format-standard","has-post-thumbnail","hentry","category-politica"],"_links":{"self":[{"href":"https:\/\/infoactual.com.ar\/index.php\/wp-json\/wp\/v2\/posts\/37979","targetHints":{"allow":["GET"]}}],"collection":[{"href":"https:\/\/infoactual.com.ar\/index.php\/wp-json\/wp\/v2\/posts"}],"about":[{"href":"https:\/\/infoactual.com.ar\/index.php\/wp-json\/wp\/v2\/types\/post"}],"author":[{"embeddable":true,"href":"https:\/\/infoactual.com.ar\/index.php\/wp-json\/wp\/v2\/users\/2"}],"replies":[{"embeddable":true,"href":"https:\/\/infoactual.com.ar\/index.php\/wp-json\/wp\/v2\/comments?post=37979"}],"version-history":[{"count":1,"href":"https:\/\/infoactual.com.ar\/index.php\/wp-json\/wp\/v2\/posts\/37979\/revisions"}],"predecessor-version":[{"id":37981,"href":"https:\/\/infoactual.com.ar\/index.php\/wp-json\/wp\/v2\/posts\/37979\/revisions\/37981"}],"wp:featuredmedia":[{"embeddable":true,"href":"https:\/\/infoactual.com.ar\/index.php\/wp-json\/wp\/v2\/media\/37980"}],"wp:attachment":[{"href":"https:\/\/infoactual.com.ar\/index.php\/wp-json\/wp\/v2\/media?parent=37979"}],"wp:term":[{"taxonomy":"category","embeddable":true,"href":"https:\/\/infoactual.com.ar\/index.php\/wp-json\/wp\/v2\/categories?post=37979"},{"taxonomy":"post_tag","embeddable":true,"href":"https:\/\/infoactual.com.ar\/index.php\/wp-json\/wp\/v2\/tags?post=37979"}],"curies":[{"name":"wp","href":"https:\/\/api.w.org\/{rel}","templated":true}]}}