{"id":41581,"date":"2024-09-27T12:47:54","date_gmt":"2024-09-27T15:47:54","guid":{"rendered":"http:\/\/infoactual.com.ar\/?p=41581"},"modified":"2024-09-27T12:47:55","modified_gmt":"2024-09-27T15:47:55","slug":"boca-visitara-a-belgrano-con-la-obligacion-de-sumar-de-a-tres-por-la-liga-profesional","status":"publish","type":"post","link":"https:\/\/infoactual.com.ar\/index.php\/2024\/09\/27\/boca-visitara-a-belgrano-con-la-obligacion-de-sumar-de-a-tres-por-la-liga-profesional\/","title":{"rendered":"Boca visitar\u00e1 a Belgrano con la obligaci\u00f3n de sumar de a tres por la Liga Profesional"},"content":{"rendered":"\n<p><strong>Boca viajar\u00e1 a C\u00f3rdoba para enfrentarse a Belgrano,<\/strong>&nbsp;con la obligaci\u00f3n de sumar de a tres luego de la derrota en el supercl\u00e1sico, en el marco de la&nbsp;<strong>decimosexta fecha de la Liga Profesional de F\u00fatbol.<\/strong><\/p>\n\n\n\n<p>La cita ser\u00e1 este<strong>&nbsp;s\u00e1bado a las 20 en el estadio Julio C\u00e9sar Villagra<\/strong>&nbsp;y el \u00e1rbitro del encuentro ser\u00e1&nbsp;<strong>Nazareno Arasa<\/strong>, mientras que en el VAR acompa\u00f1ar\u00e1&nbsp;<strong>Silvio Trucco<\/strong>. La transmisi\u00f3n estar\u00e1 a cargo de la se\u00f1al deportiva&nbsp;<strong>TNT Sports<\/strong>.<\/p>\n\n\n\n<p>Boca llega al encuentro tras&nbsp;<strong>caer 1-0 ante River en la Bombonera<\/strong>. El \u201cXeneize\u201d acumula&nbsp;<strong>21 puntos y se encuentra en el und\u00e9cimo puesto.<\/strong><\/p>\n\n\n\n<p>Para este compromiso, el director t\u00e9cnico&nbsp;<strong>Diego Mart\u00ednez<\/strong>&nbsp;realizar\u00e1 muchas modificaciones, de forma obligada, en relaci\u00f3n al encuentro ante el \u201cMillonario\u201d de la decimoquinta fecha de la Liga Profesional.<\/p>\n\n\n\n<p>En el arco,&nbsp;<strong>Sergio Romero<\/strong>&nbsp;no ser\u00e1 titular de Boca por, al menos, este partido ante el \u201cPirata\u201d y el siguiente frente a&nbsp;<strong>Argentinos Juniors<\/strong>&nbsp;debido a una suspensi\u00f3n tras pelearse con un hincha luego del cl\u00e1sico. Su lugar lo ocupar\u00e1 el ex Los Andes,&nbsp;<strong>Leandro Brey.<\/strong><\/p>\n\n\n\n<p>En el lado de la defensa,&nbsp;<strong>Cristian Lema<\/strong>&nbsp;no estar\u00e1 presente tras ser expulsado por una doble amarilla en la Bombonera y&nbsp;<strong>Nicol\u00e1s Figal<\/strong>&nbsp;ser\u00eda quien ir\u00eda en su reemplazo. Otras dos bajas fue la de&nbsp;<strong>Luis Adv\u00edncula<\/strong>, despu\u00e9s de sufrir una molestia en el tend\u00f3n de Aquiles, y&nbsp;<strong>Marcos Rojo<\/strong>, que no fue convocado debido a su bajo rendimiento y dolores musculares, a lo que ingresaran&nbsp;<strong>Juan Barinaga&nbsp;<\/strong>y&nbsp;<strong>Aaron Anselmino<\/strong>.<\/p>\n\n\n\n<p>Por \u00faltimo, en el mediocampo,&nbsp;<strong>Pol Fern\u00e1ndez&nbsp;<\/strong>no ser\u00eda titular tampoco, a lo que en su lugar podr\u00eda ingresar&nbsp;<strong>Milton Delgado o Tom\u00e1s Belmonte<\/strong>.<\/p>\n\n\n\n<p>Belgrano, por otra parte,&nbsp;<strong>suma la misma cantidad de puntos que Boca<\/strong>&nbsp;(21 unidades) y se encuentra un puesto por debajo, en el&nbsp;<strong>duod\u00e9cimo<\/strong>, debido a la diferencia de goles a favor que tiene el \u201cXeneize\u201d.<\/p>\n\n\n\n<p>Los dirigidos por<strong>&nbsp;Juan Cruz Real&nbsp;<\/strong>vienen de&nbsp;<strong>golear por 4-2 a Atl\u00e9tico Tucum\u00e1n<\/strong>&nbsp;en condici\u00f3n de visitante.<\/p>\n\n\n\n<p>El entrenador del equipo cordob\u00e9s no realizar\u00eda cambios en relaci\u00f3n al once que le gan\u00f3 al \u201cDecano\u201d en la fecha pasada.<\/p>\n\n\n\n<p>Las siguientes son las probables formaciones y otros detalles del encuentro:<\/p>\n\n\n\n<p><strong>Liga Profesional 2024.<\/strong><\/p>\n\n\n\n<p><strong>Fecha 16.<\/strong><\/p>\n\n\n\n<p><strong>Belgrano-Boca.<\/strong><\/p>\n\n\n\n<p><strong>Estadio<\/strong>: Julio C\u00e9sar Villagra.<\/p>\n\n\n\n<p><strong>\u00c1rbitro:<\/strong>&nbsp;Nazareno Arasa.<\/p>\n\n\n\n<p><strong>VAR:<\/strong>&nbsp;Silvio Trucco.<\/p>\n\n\n\n<p><strong>Hora de inicio:<\/strong>&nbsp;20.&nbsp;<strong>TV:&nbsp;<\/strong>TNT Sports.<\/p>\n\n\n\n<p><strong>Belgrano:&nbsp;<\/strong>Juan Esp\u00ednola; Alejandro R\u00e9bola, An\u00edbal Leguizam\u00f3n, Rafael Delgado; Gabriel Compagnucci, Facundo Quignon, Esteban Rol\u00f3n, Juan Vel\u00e1zquez; Francisco Metilli; Franco Jara y Nicol\u00e1s Fern\u00e1ndez.<strong>&nbsp;DT:<\/strong>&nbsp;Juan Cruz Real.<\/p>\n\n\n\n<p><strong>Boca:<\/strong>&nbsp;Leandro Brey; Juan Barinaga, Nicol\u00e1s Figal, Aaron Anselmino, Lautaro Blanco; Milton Delgado, Cristian Medina, Ignacio Miram\u00f3n, Kevin Zen\u00f3n; Miguel Merentiel y Edinson Cavani.&nbsp;<strong>DT:<\/strong>&nbsp;Diego Mart\u00ednez.<\/p>\n","protected":false},"excerpt":{"rendered":"<p>Boca viajar\u00e1 a C\u00f3rdoba para enfrentarse a Belgrano,&nbsp;con la obligaci\u00f3n de sumar de a tres luego de la derrota en el supercl\u00e1sico, en el marco de la&nbsp;decimosexta fecha de la Liga Profesional de F\u00fatbol. La cita ser\u00e1 este&nbsp;s\u00e1bado a las 20 en el estadio Julio C\u00e9sar Villagra&nbsp;y el \u00e1rbitro del encuentro ser\u00e1&nbsp;Nazareno Arasa, mientras que [&hellip;]<\/p>\n","protected":false},"author":2,"featured_media":41582,"comment_status":"open","ping_status":"open","sticky":false,"template":"","format":"standard","meta":{"footnotes":""},"categories":[50],"tags":[],"class_list":["post-41581","post","type-post","status-publish","format-standard","has-post-thumbnail","hentry","category-deportes"],"_links":{"self":[{"href":"https:\/\/infoactual.com.ar\/index.php\/wp-json\/wp\/v2\/posts\/41581","targetHints":{"allow":["GET"]}}],"collection":[{"href":"https:\/\/infoactual.com.ar\/index.php\/wp-json\/wp\/v2\/posts"}],"about":[{"href":"https:\/\/infoactual.com.ar\/index.php\/wp-json\/wp\/v2\/types\/post"}],"author":[{"embeddable":true,"href":"https:\/\/infoactual.com.ar\/index.php\/wp-json\/wp\/v2\/users\/2"}],"replies":[{"embeddable":true,"href":"https:\/\/infoactual.com.ar\/index.php\/wp-json\/wp\/v2\/comments?post=41581"}],"version-history":[{"count":1,"href":"https:\/\/infoactual.com.ar\/index.php\/wp-json\/wp\/v2\/posts\/41581\/revisions"}],"predecessor-version":[{"id":41583,"href":"https:\/\/infoactual.com.ar\/index.php\/wp-json\/wp\/v2\/posts\/41581\/revisions\/41583"}],"wp:featuredmedia":[{"embeddable":true,"href":"https:\/\/infoactual.com.ar\/index.php\/wp-json\/wp\/v2\/media\/41582"}],"wp:attachment":[{"href":"https:\/\/infoactual.com.ar\/index.php\/wp-json\/wp\/v2\/media?parent=41581"}],"wp:term":[{"taxonomy":"category","embeddable":true,"href":"https:\/\/infoactual.com.ar\/index.php\/wp-json\/wp\/v2\/categories?post=41581"},{"taxonomy":"post_tag","embeddable":true,"href":"https:\/\/infoactual.com.ar\/index.php\/wp-json\/wp\/v2\/tags?post=41581"}],"curies":[{"name":"wp","href":"https:\/\/api.w.org\/{rel}","templated":true}]}}