{"id":4252,"date":"2021-07-15T16:43:53","date_gmt":"2021-07-15T19:43:53","guid":{"rendered":"http:\/\/infoactual.com.ar\/?p=4252"},"modified":"2021-07-15T16:43:55","modified_gmt":"2021-07-15T19:43:55","slug":"cayo-la-participacion-de-los-salarios-en-la-economia","status":"publish","type":"post","link":"https:\/\/infoactual.com.ar\/index.php\/2021\/07\/15\/cayo-la-participacion-de-los-salarios-en-la-economia\/","title":{"rendered":"CAY\u00d3 LA PARTICIPACI\u00d3N DE LOS SALARIOS EN LA ECONOM\u00cdA"},"content":{"rendered":"\n<p><strong>La participaci\u00f3n de la masa salarial en la econom\u00eda fue de s\u00f3lo 46,1% en el primer trimestre del a\u00f1o, con lo que descendi\u00f3 3,76 puntos porcentuales respecto del mismo per\u00edodo del 2020, inform\u00f3 hoy el INDEC.<\/strong><\/p>\n\n\n\n<p>&nbsp; &nbsp;El dato refleja que la participaci\u00f3n de los trabajadores en la riqueza nacional es cada vez menor, en medio de la pandemia.<\/p>\n\n\n\n<p>&nbsp;&nbsp; Los puestos de trabajo totales alcanzaron 20.564.000 en el mismo per\u00edodo, lo que represent\u00f3 una ca\u00edda del 1,6% frente a igual trimestre de 2020.<\/p>\n\n\n\n<p>&nbsp;&nbsp; Los puestos asalariados no registrados o en negro cayeron 4,6% interanual, mientras los de trabajadores registrados bajaron un 1,3% y en el caso de los independientes, 0,5%.<\/p>\n\n\n\n<p>&nbsp;&nbsp; En el primer trimestre la ca\u00edda en las horas trabajadas totales fue del 2,3%.<\/p>\n","protected":false},"excerpt":{"rendered":"<p>La participaci\u00f3n de la masa salarial en la econom\u00eda fue de s\u00f3lo 46,1% en el primer trimestre del a\u00f1o, con lo que descendi\u00f3 3,76 puntos porcentuales respecto del mismo per\u00edodo del 2020, inform\u00f3 hoy el INDEC. &nbsp; &nbsp;El dato refleja que la participaci\u00f3n de los trabajadores en la riqueza nacional es cada vez menor, en [&hellip;]<\/p>\n","protected":false},"author":2,"featured_media":4253,"comment_status":"open","ping_status":"open","sticky":false,"template":"","format":"standard","meta":{"footnotes":""},"categories":[46],"tags":[],"class_list":["post-4252","post","type-post","status-publish","format-standard","has-post-thumbnail","hentry","category-gremial"],"_links":{"self":[{"href":"https:\/\/infoactual.com.ar\/index.php\/wp-json\/wp\/v2\/posts\/4252","targetHints":{"allow":["GET"]}}],"collection":[{"href":"https:\/\/infoactual.com.ar\/index.php\/wp-json\/wp\/v2\/posts"}],"about":[{"href":"https:\/\/infoactual.com.ar\/index.php\/wp-json\/wp\/v2\/types\/post"}],"author":[{"embeddable":true,"href":"https:\/\/infoactual.com.ar\/index.php\/wp-json\/wp\/v2\/users\/2"}],"replies":[{"embeddable":true,"href":"https:\/\/infoactual.com.ar\/index.php\/wp-json\/wp\/v2\/comments?post=4252"}],"version-history":[{"count":1,"href":"https:\/\/infoactual.com.ar\/index.php\/wp-json\/wp\/v2\/posts\/4252\/revisions"}],"predecessor-version":[{"id":4254,"href":"https:\/\/infoactual.com.ar\/index.php\/wp-json\/wp\/v2\/posts\/4252\/revisions\/4254"}],"wp:featuredmedia":[{"embeddable":true,"href":"https:\/\/infoactual.com.ar\/index.php\/wp-json\/wp\/v2\/media\/4253"}],"wp:attachment":[{"href":"https:\/\/infoactual.com.ar\/index.php\/wp-json\/wp\/v2\/media?parent=4252"}],"wp:term":[{"taxonomy":"category","embeddable":true,"href":"https:\/\/infoactual.com.ar\/index.php\/wp-json\/wp\/v2\/categories?post=4252"},{"taxonomy":"post_tag","embeddable":true,"href":"https:\/\/infoactual.com.ar\/index.php\/wp-json\/wp\/v2\/tags?post=4252"}],"curies":[{"name":"wp","href":"https:\/\/api.w.org\/{rel}","templated":true}]}}