{"id":4303,"date":"2021-07-16T13:51:23","date_gmt":"2021-07-16T16:51:23","guid":{"rendered":"http:\/\/infoactual.com.ar\/?p=4303"},"modified":"2021-07-16T13:51:24","modified_gmt":"2021-07-16T16:51:24","slug":"en-abril-crecio-el-empleo-fabril-pero-la-recuperacion-aun-es-heterogenea-segun-la-uia","status":"publish","type":"post","link":"https:\/\/infoactual.com.ar\/index.php\/2021\/07\/16\/en-abril-crecio-el-empleo-fabril-pero-la-recuperacion-aun-es-heterogenea-segun-la-uia\/","title":{"rendered":"EN ABRIL CRECI\u00d3 EL EMPLEO FABRIL, PERO LA RECUPERACI\u00d3N A\u00daN ES HETEROG\u00c9NEA, SEG\u00daN LA UIA"},"content":{"rendered":"\n<p><strong>El empleo asalariado registrado en la industria aument\u00f3 en abril tanto en la medici\u00f3n interanual como mensual, producto de la \u00abmejora de la actividad econ\u00f3mica\u00bb, pero tambi\u00e9n por la cantidad de trabajadores dispensados y la muy baja base de comparaci\u00f3n tras la recesi\u00f3n de 2018 y 2019&#8243;, indic\u00f3 hoy la UIA.<\/strong><\/p>\n\n\n\n<p>&nbsp; A lo largo del cuarto mes del a\u00f1o creci\u00f3 la cantidad de puestos laborales fabriles un 0,5% respecto de marzo y un 2,9% frente al mismo per\u00edodo de 2020.<\/p>\n\n\n\n<p>&nbsp;&nbsp; \u00abEl desempe\u00f1o del resto de los sectores mostr\u00f3 en su mayor\u00eda una mejora mensual, lo que se tradujo en un incremento del empleo asalariado privado registrado total del 0,7% (+40.648 trabajadores) y tambi\u00e9n un incremento interanual producto de la baja base de comparaci\u00f3n (+1% anual; 58.186 trabajadores m\u00e1s)\u00bb, subray\u00f3.<\/p>\n\n\n\n<p>&nbsp;&nbsp; \u00abEsta evoluci\u00f3n se encuentra explicada en parte por la mejora de la actividad econ\u00f3mica, pero tambi\u00e9n por la cantidad de trabajadores dispensados y la muy baja base de comparaci\u00f3n tras la recesi\u00f3n de 2018 y 2019, a las que se sum\u00f3 el impacto de la pandemia\u00bb, precis\u00f3.<\/p>\n\n\n\n<p>&nbsp;&nbsp; El sector m\u00e1s afectado todav\u00eda es Hoteles y restaurantes, con una p\u00e9rdida interanual del 13,2%, es decir, 31.816 trabajadores.<\/p>\n\n\n\n<p>&nbsp;&nbsp; La UIA se\u00f1al\u00f3 que, de acuerdo con la Encuesta de Indicadores Laborales (EIL), en mayo las expectativas netas de contrataci\u00f3n para los pr\u00f3ximos tres meses se ubicaron nuevamente en terreno positivo.<\/p>\n\n\n\n<p>&nbsp;&nbsp; Sin embargo, el deterioro de las condiciones sanitarias y de la producci\u00f3n en mayo pudieron haber ocasionado nuevas dificultades, fundamentalmente en aquellos sectores de servicios y mayor contacto personal, indic\u00f3.<\/p>\n\n\n\n<p>&nbsp;&nbsp; \u00abEl incremento en el ritmo de vacunaci\u00f3n y la disminuci\u00f3n de casos diarios de Covid-19 podr\u00edan morigerar el impacto durante los pr\u00f3ximos meses\u00bb, manifest\u00f3.<\/p>\n\n\n\n<p>&nbsp;&nbsp; \u00abTodav\u00eda con una recuperaci\u00f3n heterog\u00e9nea entre sectores, los datos de empleo siguen bajo el impacto del elevado porcentaje de trabajadores dispensados del deber de asistir al lugar de trabajo y prestar tareas\u00bb, remarc\u00f3.<\/p>\n\n\n\n<p>&nbsp;&nbsp; De acuerdo con la Encuesta UIA, \u00abtodav\u00eda exist\u00eda en abril una elevada preocupaci\u00f3n por los contagios de Covid-19 o contactos estrechos entre los trabajadores\u00bb.<\/p>\n\n\n\n<p>&nbsp;&nbsp; Al mismo tiempo, la cantidad de empresas que realizaron suspensiones y el porcentaje de trabajadores alcanzados se mantienen por sobre los valores pre pandemia como mecanismo de acci\u00f3n frente a las dificultades regulatorias.<\/p>\n\n\n\n<p>&nbsp;&nbsp; En mayo se reflej\u00f3 un incremento respecto del mes anterior, con un 11,1% de las empresas que aplicaron suspensiones.<\/p>\n\n\n\n<p>&nbsp;&nbsp; \u00abA pesar del incremento en el empleo industrial durante los \u00faltimos meses, todav\u00eda los niveles se encuentran por debajo de los de 2019 (-0,8%, -8.870) y de los m\u00e1ximos hist\u00f3ricos (-12,5% respecto de octubre de 2013)\u00bb, analiz\u00f3.<\/p>\n\n\n\n<p>&nbsp;&nbsp; En tanto, apunt\u00f3: \u00abLa incertidumbre macroecon\u00f3mica sigue siendo uno de los principales problemas para la recuperaci\u00f3n sostenida del sector industrial y la creaci\u00f3n de empleo\u00bb.<\/p>\n\n\n\n<p>&nbsp;&nbsp; \u00abMientras que la actividad industrial se encuentra 3,1% por encima del mismo per\u00edodo en 2019 (INDEC), el empleo asalariado registrado en la industria se encuentra todav\u00eda 2% por debajo\u00bb, calcul\u00f3.<\/p>\n","protected":false},"excerpt":{"rendered":"<p>El empleo asalariado registrado en la industria aument\u00f3 en abril tanto en la medici\u00f3n interanual como mensual, producto de la \u00abmejora de la actividad econ\u00f3mica\u00bb, pero tambi\u00e9n por la cantidad de trabajadores dispensados y la muy baja base de comparaci\u00f3n tras la recesi\u00f3n de 2018 y 2019&#8243;, indic\u00f3 hoy la UIA. &nbsp; A lo largo [&hellip;]<\/p>\n","protected":false},"author":2,"featured_media":4304,"comment_status":"open","ping_status":"open","sticky":false,"template":"","format":"standard","meta":{"footnotes":""},"categories":[51],"tags":[48],"class_list":["post-4303","post","type-post","status-publish","format-standard","has-post-thumbnail","hentry","category-provincias","tag-destacada"],"_links":{"self":[{"href":"https:\/\/infoactual.com.ar\/index.php\/wp-json\/wp\/v2\/posts\/4303","targetHints":{"allow":["GET"]}}],"collection":[{"href":"https:\/\/infoactual.com.ar\/index.php\/wp-json\/wp\/v2\/posts"}],"about":[{"href":"https:\/\/infoactual.com.ar\/index.php\/wp-json\/wp\/v2\/types\/post"}],"author":[{"embeddable":true,"href":"https:\/\/infoactual.com.ar\/index.php\/wp-json\/wp\/v2\/users\/2"}],"replies":[{"embeddable":true,"href":"https:\/\/infoactual.com.ar\/index.php\/wp-json\/wp\/v2\/comments?post=4303"}],"version-history":[{"count":1,"href":"https:\/\/infoactual.com.ar\/index.php\/wp-json\/wp\/v2\/posts\/4303\/revisions"}],"predecessor-version":[{"id":4305,"href":"https:\/\/infoactual.com.ar\/index.php\/wp-json\/wp\/v2\/posts\/4303\/revisions\/4305"}],"wp:featuredmedia":[{"embeddable":true,"href":"https:\/\/infoactual.com.ar\/index.php\/wp-json\/wp\/v2\/media\/4304"}],"wp:attachment":[{"href":"https:\/\/infoactual.com.ar\/index.php\/wp-json\/wp\/v2\/media?parent=4303"}],"wp:term":[{"taxonomy":"category","embeddable":true,"href":"https:\/\/infoactual.com.ar\/index.php\/wp-json\/wp\/v2\/categories?post=4303"},{"taxonomy":"post_tag","embeddable":true,"href":"https:\/\/infoactual.com.ar\/index.php\/wp-json\/wp\/v2\/tags?post=4303"}],"curies":[{"name":"wp","href":"https:\/\/api.w.org\/{rel}","templated":true}]}}