{"id":449,"date":"2021-03-28T00:52:42","date_gmt":"2021-03-28T00:52:42","guid":{"rendered":"http:\/\/infoactual.com.ar\/?p=449"},"modified":"2021-03-28T00:52:43","modified_gmt":"2021-03-28T00:52:43","slug":"el-gobierno-tomara-medidas-para-minimizar-la-circulacion-pero-sin-volver-a-un-aislamiento-estricto","status":"publish","type":"post","link":"https:\/\/infoactual.com.ar\/index.php\/2021\/03\/28\/el-gobierno-tomara-medidas-para-minimizar-la-circulacion-pero-sin-volver-a-un-aislamiento-estricto\/","title":{"rendered":"EL GOBIERNO TOMAR\u00c1 MEDIDAS PARA \u00abMINIMIZAR LA CIRCULACI\u00d3N\u00bb PERO \u00abSIN VOLVER A UN AISLAMIENTO ESTRICTO\u00bb"},"content":{"rendered":"\n<p><strong>El presidente Alberto Fern\u00e1ndez adelant\u00f3 esta noche que la semana pr\u00f3xima se anunciar\u00e1n medidas \u00abpara maximizar los cuidados y minimizar la circulaci\u00f3n\u00bb ante el crecimiento de casos de coronavirus pero que \u00abno ser\u00e1 volver a un aislamiento estricto\u00bb.<\/strong><\/p>\n\n\n\n<p>&nbsp; &nbsp;\u00abVamos a proponer una serie de medidas en la semana para maximizar los cuidados y minimizar la circulaci\u00f3n\u00bb, indic\u00f3 el jefe de Estado en declaraciones a C5N y adelant\u00f3 que se tratar\u00e1 de \u00abbajar la circulaci\u00f3n en general, que la administraci\u00f3n p\u00fablica trabaje a distancia, pero no es volver a un aislamiento estricto\u00bb.<\/p>\n\n\n\n<p>&nbsp;&nbsp; El Presidente se\u00f1al\u00f3 que este domingo mantendr\u00e1 una reuni\u00f3n con la ministra de Salud, Carla Vizzotti, el jefe de Gabinete, Santiago Cafiero, y el ministro del Interior, Eduardo de Pedro, para evaluar las medidas que se anunciar\u00e1n en los pr\u00f3ximos d\u00edas.<\/p>\n","protected":false},"excerpt":{"rendered":"<p>El presidente Alberto Fern\u00e1ndez adelant\u00f3 esta noche que la semana pr\u00f3xima se anunciar\u00e1n medidas \u00abpara maximizar los cuidados y minimizar la circulaci\u00f3n\u00bb ante el crecimiento de casos de coronavirus pero que \u00abno ser\u00e1 volver a un aislamiento estricto\u00bb. &nbsp; &nbsp;\u00abVamos a proponer una serie de medidas en la semana para maximizar los cuidados y minimizar [&hellip;]<\/p>\n","protected":false},"author":2,"featured_media":450,"comment_status":"open","ping_status":"open","sticky":false,"template":"","format":"standard","meta":{"footnotes":""},"categories":[43],"tags":[48],"class_list":["post-449","post","type-post","status-publish","format-standard","has-post-thumbnail","hentry","category-politica","tag-destacada"],"_links":{"self":[{"href":"https:\/\/infoactual.com.ar\/index.php\/wp-json\/wp\/v2\/posts\/449","targetHints":{"allow":["GET"]}}],"collection":[{"href":"https:\/\/infoactual.com.ar\/index.php\/wp-json\/wp\/v2\/posts"}],"about":[{"href":"https:\/\/infoactual.com.ar\/index.php\/wp-json\/wp\/v2\/types\/post"}],"author":[{"embeddable":true,"href":"https:\/\/infoactual.com.ar\/index.php\/wp-json\/wp\/v2\/users\/2"}],"replies":[{"embeddable":true,"href":"https:\/\/infoactual.com.ar\/index.php\/wp-json\/wp\/v2\/comments?post=449"}],"version-history":[{"count":1,"href":"https:\/\/infoactual.com.ar\/index.php\/wp-json\/wp\/v2\/posts\/449\/revisions"}],"predecessor-version":[{"id":451,"href":"https:\/\/infoactual.com.ar\/index.php\/wp-json\/wp\/v2\/posts\/449\/revisions\/451"}],"wp:featuredmedia":[{"embeddable":true,"href":"https:\/\/infoactual.com.ar\/index.php\/wp-json\/wp\/v2\/media\/450"}],"wp:attachment":[{"href":"https:\/\/infoactual.com.ar\/index.php\/wp-json\/wp\/v2\/media?parent=449"}],"wp:term":[{"taxonomy":"category","embeddable":true,"href":"https:\/\/infoactual.com.ar\/index.php\/wp-json\/wp\/v2\/categories?post=449"},{"taxonomy":"post_tag","embeddable":true,"href":"https:\/\/infoactual.com.ar\/index.php\/wp-json\/wp\/v2\/tags?post=449"}],"curies":[{"name":"wp","href":"https:\/\/api.w.org\/{rel}","templated":true}]}}