{"id":4515,"date":"2021-07-24T22:41:04","date_gmt":"2021-07-25T01:41:04","guid":{"rendered":"http:\/\/infoactual.com.ar\/?p=4515"},"modified":"2021-07-24T22:41:06","modified_gmt":"2021-07-25T01:41:06","slug":"ministro-de-kicillof-senalo-a-los-empresarios-como-unos-de-los-responsables-de-la-inflacion","status":"publish","type":"post","link":"https:\/\/infoactual.com.ar\/index.php\/2021\/07\/24\/ministro-de-kicillof-senalo-a-los-empresarios-como-unos-de-los-responsables-de-la-inflacion\/","title":{"rendered":"MINISTRO DE KICILLOF SE\u00d1AL\u00d3 A LOS EMPRESARIOS COMO UNOS DE LOS RESPONSABLES DE LA INFLACI\u00d3N"},"content":{"rendered":"\n<p><strong>El ministro de Producci\u00f3n de la provincia de Buenos Aires, Augusto Costa, se\u00f1al\u00f3 a los empresarios de grupos concentrados como unos de los responsables de la inflaci\u00f3n, al tiempo que destac\u00f3 las \u00abmedidas\u00bb del Gobierno nacional para evitar que se disparen \u00ablas cotizaciones paralelas\u00bb del d\u00f3lar y record\u00f3 que el a\u00f1o pasado \u00abqued\u00f3 demostrado que funcionaron\u00bb.<\/strong><\/p>\n\n\n\n<p>&nbsp; &nbsp;Costa asegur\u00f3 que \u00abcuando hay una econom\u00eda donde pocas empresas tienen una participaci\u00f3n muy alta en la mayor\u00eda de los mercados, ese poder lo usan para incrementar sus m\u00e1rgenes de ganancias\u00bb.<br>&nbsp;&nbsp; Si bien admiti\u00f3 que los empresarios no son \u00ablos \u00fanicos responsables\u00bb del alza de los precios, remarc\u00f3 que \u00abno se pueden desconocer esas pr\u00e1cticas\u00bb, cuando los hombres de negocios act\u00faan \u00abadelant\u00e1ndose a la suba de costos, generando una retroalimentaci\u00f3n en los precios\u00bb.<br>&nbsp;&nbsp; En declaraciones period\u00edsticas, el funcionario del gobernador Axel Kicillof agreg\u00f3 que \u00aben Argentina esa situaci\u00f3n se amplifica por la inercia y la din\u00e1mica de nuestra concentraci\u00f3n\u00bb, en la que \u00ablos empresarios suben los precios en d\u00f3lares\u00bb.<br>&nbsp;&nbsp; Al identificar las causas de la inflaci\u00f3n en el pa\u00eds, el ex secretario de Comercio entre 2013 y 2015 sostuvo que \u00abdepende del manejo de las tarifas, del d\u00f3lar, de los precios internacionales, las pol\u00edticas fiscal y monetaria, las expectativas y, por supuesto, de las conductas de los empresarios en los sectores m\u00e1s concentrados de la cadena de valor\u00bb.<br>&nbsp;&nbsp; Asimismo, relativiz\u00f3 la incidencia que puede tener en la inflaci\u00f3n la emisi\u00f3n monetaria, ya que hubo \u00aben todos los pa\u00edses del mundo\u00bb.<br>&nbsp;&nbsp; En ese sentido, indic\u00f3 que \u00abArgentina sali\u00f3 a desarrollar pol\u00edticas para aliviar la pandemia por casi 6 puntos del PBI\u00bb, en tanto hubo pa\u00edses \u00abque expandieron m\u00e1s de 20 puntos\u00bb la emisi\u00f3n.<br>&nbsp;&nbsp; \u00abEntiendo que en cada pa\u00eds las consecuencias son distintas, pero en Argentina hay que ver toda la pel\u00edcula. No digo que los empresarios no ganen lo que ellos quieran, pero hay que saber actuar cuando lo hacen a expensas de da\u00f1ar la pol\u00edtica econ\u00f3mica o bajar la inflaci\u00f3n\u00bb, plante\u00f3.<br>&nbsp;&nbsp; El autor de \u00abTodo precio es pol\u00edtico\u00bb precis\u00f3 que el Gobierno nacional lleva adelante una pol\u00edtica econ\u00f3mica con la coordinaci\u00f3n de tres factores: \u00abevitar saltos en el d\u00f3lar, tarifas accesibles para industrias y hogares, y una apertura del comercio que garantice el entramado productivo en este contexto de pandemia\u00bb.<br>&nbsp;&nbsp; En ese marco, se\u00f1al\u00f3 que en la segunda mitad del a\u00f1o \u00abhabr\u00e1 m\u00e1s gastos y un Presupuesto que cumplir\u00bb, luego de un primer semestre con \u00abdefiniciones\u00bb en materia de pol\u00edtica fiscal que apuntaron a reducir el d\u00e9ficit primario.<br>&nbsp;&nbsp; Al respecto, acot\u00f3 que el ministro de Econom\u00eda, Mart\u00edn Guzm\u00e1n, \u00abno habla de retirar los impulsos fiscales sino de encontrar un equilibrio entre la necesidad de cumplir con las cuentas y de apalancar el consumo\u00bb.<br>&nbsp;&nbsp; \u00abEl objetivo es avanzar de manera gradual en el ordenamiento de las cuentas p\u00fablicas y la desinflaci\u00f3n\u00bb, explic\u00f3, adem\u00e1s de considerar que \u00ablos plazos y el cumplimiento de las metas lo ir\u00e1n determinando la propia evoluci\u00f3n del escenario econ\u00f3mico\u00bb.<br>&nbsp;&nbsp; Costa reconoci\u00f3 que los actuales niveles de la brecha cambiaria, con diferencia de m\u00e1s del 90% entre el d\u00f3lar oficial y el paralelo o los financieros, es un incentivo para la remarcaci\u00f3n de precios, pero puntualiz\u00f3 que el Gobierno est\u00e1 tomando medidas para controlar la situaci\u00f3n.<br>&nbsp;&nbsp; \u00abEstamos en un mercado de cambios regulado por una medida que tom\u00f3 Mauricio Macri en 2019\u00bb, dijo, en referencia al cepo para la compra de moneda extranjera en el Mercado \u00danico y Libre de Cambios.<br>&nbsp;&nbsp; Para salir de esa situaci\u00f3n, recomend\u00f3 hacerlo \u00abde manera gradual, no como hizo Macri en 2015\u00bb, debido a que \u00abgran parte de la econom\u00eda se mueve al d\u00f3lar oficial\u00bb.<br>&nbsp;&nbsp; En cuanto a la ampliaci\u00f3n de la brecha en las \u00faltimas semanas, insisti\u00f3 con que \u00abse toman medidas con los instrumentos que se tienen y el a\u00f1o pasado qued\u00f3 demostrado que funcionaron cuando retorn\u00f3 a la calma cambiaria\u00bb.<\/p>\n","protected":false},"excerpt":{"rendered":"<p>El ministro de Producci\u00f3n de la provincia de Buenos Aires, Augusto Costa, se\u00f1al\u00f3 a los empresarios de grupos concentrados como unos de los responsables de la inflaci\u00f3n, al tiempo que destac\u00f3 las \u00abmedidas\u00bb del Gobierno nacional para evitar que se disparen \u00ablas cotizaciones paralelas\u00bb del d\u00f3lar y record\u00f3 que el a\u00f1o pasado \u00abqued\u00f3 demostrado que [&hellip;]<\/p>\n","protected":false},"author":2,"featured_media":4516,"comment_status":"open","ping_status":"open","sticky":false,"template":"","format":"standard","meta":{"footnotes":""},"categories":[44],"tags":[],"class_list":["post-4515","post","type-post","status-publish","format-standard","has-post-thumbnail","hentry","category-economia"],"_links":{"self":[{"href":"https:\/\/infoactual.com.ar\/index.php\/wp-json\/wp\/v2\/posts\/4515","targetHints":{"allow":["GET"]}}],"collection":[{"href":"https:\/\/infoactual.com.ar\/index.php\/wp-json\/wp\/v2\/posts"}],"about":[{"href":"https:\/\/infoactual.com.ar\/index.php\/wp-json\/wp\/v2\/types\/post"}],"author":[{"embeddable":true,"href":"https:\/\/infoactual.com.ar\/index.php\/wp-json\/wp\/v2\/users\/2"}],"replies":[{"embeddable":true,"href":"https:\/\/infoactual.com.ar\/index.php\/wp-json\/wp\/v2\/comments?post=4515"}],"version-history":[{"count":1,"href":"https:\/\/infoactual.com.ar\/index.php\/wp-json\/wp\/v2\/posts\/4515\/revisions"}],"predecessor-version":[{"id":4517,"href":"https:\/\/infoactual.com.ar\/index.php\/wp-json\/wp\/v2\/posts\/4515\/revisions\/4517"}],"wp:featuredmedia":[{"embeddable":true,"href":"https:\/\/infoactual.com.ar\/index.php\/wp-json\/wp\/v2\/media\/4516"}],"wp:attachment":[{"href":"https:\/\/infoactual.com.ar\/index.php\/wp-json\/wp\/v2\/media?parent=4515"}],"wp:term":[{"taxonomy":"category","embeddable":true,"href":"https:\/\/infoactual.com.ar\/index.php\/wp-json\/wp\/v2\/categories?post=4515"},{"taxonomy":"post_tag","embeddable":true,"href":"https:\/\/infoactual.com.ar\/index.php\/wp-json\/wp\/v2\/tags?post=4515"}],"curies":[{"name":"wp","href":"https:\/\/api.w.org\/{rel}","templated":true}]}}