{"id":4699,"date":"2021-07-29T16:20:54","date_gmt":"2021-07-29T19:20:54","guid":{"rendered":"http:\/\/infoactual.com.ar\/?p=4699"},"modified":"2021-07-29T16:20:55","modified_gmt":"2021-07-29T19:20:55","slug":"manifestantes-se-enfrentaron-con-la-policia-durante-una-protesta-en-la-autopista-dellepiane","status":"publish","type":"post","link":"https:\/\/infoactual.com.ar\/index.php\/2021\/07\/29\/manifestantes-se-enfrentaron-con-la-policia-durante-una-protesta-en-la-autopista-dellepiane\/","title":{"rendered":"MANIFESTANTES SE ENFRENTARON CON LA POLIC\u00cdA DURANTE UNA PROTESTA EN LA AUTOPISTA DELLEPIANE"},"content":{"rendered":"\n<p><strong>Unas 60 personas cortaron hoy ambas manos de la traza principal de la Autopista Dellepiane y luego forcejearon y lanzaron piedras a las fuerzas de seguridad, en medio de una protesta contra el Ministerio de H\u00e1bitat porte\u00f1o en reclamo de trabajo y por falta de pagos.<\/strong><\/p>\n\n\n\n<p>Se trat\u00f3 de manifestantes pertenecientes a cooperativas de los Barrios Samor\u00e9 y Copello, quienes bloquearon con ramas y escombros ambas manos de la traza principal y generaron un caos de tr\u00e1nsito en la zona, a la altura de Miralla.<\/p>\n\n\n\n<p>Los incidentes dejaron un saldo de un hombre de 46 a\u00f1os detenido y un polic\u00eda con heridas leves.<\/p>\n\n\n\n<p>Producto del corte de la autov\u00eda, una veintena de agentes de seguridad se traslad\u00f3 al lugar y desvi\u00f3 el tr\u00e1nsito por las colectoras.<\/p>\n\n\n\n<p>Cuando los polic\u00edas intentaron liberar la traza principal de la autopista, se registraron incidentes y corridas, mientras que algunos de los manifestantes empujaron a los efectivos e incluso les lanzaron piedras.<\/p>\n\n\n\n<p>Tambi\u00e9n propinaron insultos destinados al jefe de Gobierno porte\u00f1o, Horacio Rodr\u00edguez Larreta, y lanzaron frases como \u00abestamos pidiendo laburo\u00bb y \u00abestamos todos sin trabajo\u00bb.<\/p>\n\n\n\n<p>Minutos despu\u00e9s de las 13:00, tras el encontronazo con los efectivos, los manifestantes liberaron la autopista.<\/p>\n\n\n\n<p>El conflicto est\u00e1 ligado a la reorganizaci\u00f3n de las tareas de limpieza de la Ciudad, ya que en los barrios donde trabajaban los manifestantes dejaron de necesitar sus servicios porque empez\u00f3 a limpiar el sistema general de la Ciudad.<\/p>\n","protected":false},"excerpt":{"rendered":"<p>Unas 60 personas cortaron hoy ambas manos de la traza principal de la Autopista Dellepiane y luego forcejearon y lanzaron piedras a las fuerzas de seguridad, en medio de una protesta contra el Ministerio de H\u00e1bitat porte\u00f1o en reclamo de trabajo y por falta de pagos. Se trat\u00f3 de manifestantes pertenecientes a cooperativas de los [&hellip;]<\/p>\n","protected":false},"author":2,"featured_media":4700,"comment_status":"open","ping_status":"open","sticky":false,"template":"","format":"standard","meta":{"footnotes":""},"categories":[43],"tags":[],"class_list":["post-4699","post","type-post","status-publish","format-standard","has-post-thumbnail","hentry","category-politica"],"_links":{"self":[{"href":"https:\/\/infoactual.com.ar\/index.php\/wp-json\/wp\/v2\/posts\/4699","targetHints":{"allow":["GET"]}}],"collection":[{"href":"https:\/\/infoactual.com.ar\/index.php\/wp-json\/wp\/v2\/posts"}],"about":[{"href":"https:\/\/infoactual.com.ar\/index.php\/wp-json\/wp\/v2\/types\/post"}],"author":[{"embeddable":true,"href":"https:\/\/infoactual.com.ar\/index.php\/wp-json\/wp\/v2\/users\/2"}],"replies":[{"embeddable":true,"href":"https:\/\/infoactual.com.ar\/index.php\/wp-json\/wp\/v2\/comments?post=4699"}],"version-history":[{"count":1,"href":"https:\/\/infoactual.com.ar\/index.php\/wp-json\/wp\/v2\/posts\/4699\/revisions"}],"predecessor-version":[{"id":4701,"href":"https:\/\/infoactual.com.ar\/index.php\/wp-json\/wp\/v2\/posts\/4699\/revisions\/4701"}],"wp:featuredmedia":[{"embeddable":true,"href":"https:\/\/infoactual.com.ar\/index.php\/wp-json\/wp\/v2\/media\/4700"}],"wp:attachment":[{"href":"https:\/\/infoactual.com.ar\/index.php\/wp-json\/wp\/v2\/media?parent=4699"}],"wp:term":[{"taxonomy":"category","embeddable":true,"href":"https:\/\/infoactual.com.ar\/index.php\/wp-json\/wp\/v2\/categories?post=4699"},{"taxonomy":"post_tag","embeddable":true,"href":"https:\/\/infoactual.com.ar\/index.php\/wp-json\/wp\/v2\/tags?post=4699"}],"curies":[{"name":"wp","href":"https:\/\/api.w.org\/{rel}","templated":true}]}}