{"id":4702,"date":"2021-07-29T16:24:15","date_gmt":"2021-07-29T19:24:15","guid":{"rendered":"http:\/\/infoactual.com.ar\/?p=4702"},"modified":"2021-07-29T16:24:16","modified_gmt":"2021-07-29T19:24:16","slug":"carignano-afirmo-que-el-incumplimiento-de-la-cuaretena-al-volver-del-exterior-bajo-del-40-al-10","status":"publish","type":"post","link":"https:\/\/infoactual.com.ar\/index.php\/2021\/07\/29\/carignano-afirmo-que-el-incumplimiento-de-la-cuaretena-al-volver-del-exterior-bajo-del-40-al-10\/","title":{"rendered":"CARIGNANO AFIRM\u00d3 QUE EL INCUMPLIMIENTO DE LA CUARETENA AL VOLVER DEL EXTERIOR BAJ\u00d3 DEL 40 AL 10%"},"content":{"rendered":"\n<p><strong>La directora nacional de Migraciones, Florencia Carignano, aclar\u00f3 hoy que la restricci\u00f3n para el ingreso diario de mil personas desde el exterior sirvi\u00f3 \u00abpara ganar tiempo\u00bb y ralentizar la llegada \u00abinevitable\u00bb de la variante Delta, al tiempo que advirti\u00f3 que el 10 por ciento de los pasajeros que arriban \u00abno\u00bb cumplen la cuarentena.<\/strong><\/p>\n\n\n\n<p>&nbsp; &nbsp;\u00abEl incumplimiento de la cuarentena era del 40 por ciento y hoy estamos en el 10 por ciento\u00bb, enfatiz\u00f3 Carignano, y dijo que \u00aben una pandemia hay que ser rigurosos\u00bb.<\/p>\n\n\n\n<p>&nbsp;&nbsp; En la Argentina \u00aba\u00fan no hay circulaci\u00f3n comunitaria\u00bb de la cepa Delta, como ya fue declarada en Paraguay, Brasil y M\u00e9xico, dijo la funcionaria nacional en di\u00e1logo con el programa \u00abAlguien tiene que Decirlo\u00bb, que conduce Eduardo Feinmann por Radio Rivadavia.<\/p>\n\n\n\n<p>&nbsp;&nbsp; Al justificar las restricciones de ingreso del pa\u00eds que pasaron de 600 a mil personas por d\u00eda, mientras a\u00fan siguen miles de argentinos varados en el exterior, precis\u00f3 que \u00ablas medidas que tomadas fueron para ganarle tiempo al ingreso de la variante Delta\u00bb, que ya est\u00e1 en 120 estados.<\/p>\n\n\n\n<p>&nbsp;&nbsp; Adem\u00e1s, asegur\u00f3 que la medida se implement\u00f3 para \u00abganarle tiempo a algo que inevitablemente va a ingresar a la Rep\u00fablica Argentina\u00bb.<\/p>\n\n\n\n<p>&nbsp;&nbsp; Al hablar del viaje del presidente Alberto Fern\u00e1ndez a Per\u00fa, Carignano evit\u00f3 referirse a si har\u00e1 o no una cuarentena -ya que los funcionarios est\u00e1n exentos-, pero consider\u00f3 que ya debe haberlo consultado con la ministra de Salud, Carla Vizzotti.<\/p>\n\n\n\n<p>&nbsp;&nbsp; La directora de Migraciones indic\u00f3 que \u00abcualquier argentino est\u00e1 expuesto y debe tomar recaudos\u00bb al salir del pa\u00eds, y afirm\u00f3 que \u00abel Presidente sabe bien lo que tiene que hacer\u00bb.<\/p>\n\n\n\n<p>&nbsp;&nbsp; \u00abEl Presidente sabe muy bien lo que tiene que hacer, seguramente lo habr\u00e1 hablado con la ministra Vizzotti, que cuando lleg\u00f3 se aisl\u00f3\u00bb, resalt\u00f3.<\/p>\n\n\n\n<p>&nbsp;&nbsp; Al explicar que la Argentina gan\u00f3 tiempo en demorar la llegada de la nueva cepa, remarc\u00f3: \u00abTomamos medidas para vacunar a m\u00e1s argentinos: 2,5 millones por semana. Sab\u00edamos que era necesaria la vacunaci\u00f3n, con una o dos dosis, para que cuando llegue agarre a los argentinos mejor parados\u00bb.<\/p>\n\n\n\n<p>&nbsp;&nbsp; \u00abHoy el 86% de lo que est\u00e1 circulando en Estados Unidos es variante Delta\u00bb, agreg\u00f3 la funcionaria.<\/p>\n","protected":false},"excerpt":{"rendered":"<p>La directora nacional de Migraciones, Florencia Carignano, aclar\u00f3 hoy que la restricci\u00f3n para el ingreso diario de mil personas desde el exterior sirvi\u00f3 \u00abpara ganar tiempo\u00bb y ralentizar la llegada \u00abinevitable\u00bb de la variante Delta, al tiempo que advirti\u00f3 que el 10 por ciento de los pasajeros que arriban \u00abno\u00bb cumplen la cuarentena. &nbsp; &nbsp;\u00abEl [&hellip;]<\/p>\n","protected":false},"author":2,"featured_media":450,"comment_status":"open","ping_status":"open","sticky":false,"template":"","format":"standard","meta":{"footnotes":""},"categories":[43],"tags":[48],"class_list":["post-4702","post","type-post","status-publish","format-standard","has-post-thumbnail","hentry","category-politica","tag-destacada"],"_links":{"self":[{"href":"https:\/\/infoactual.com.ar\/index.php\/wp-json\/wp\/v2\/posts\/4702","targetHints":{"allow":["GET"]}}],"collection":[{"href":"https:\/\/infoactual.com.ar\/index.php\/wp-json\/wp\/v2\/posts"}],"about":[{"href":"https:\/\/infoactual.com.ar\/index.php\/wp-json\/wp\/v2\/types\/post"}],"author":[{"embeddable":true,"href":"https:\/\/infoactual.com.ar\/index.php\/wp-json\/wp\/v2\/users\/2"}],"replies":[{"embeddable":true,"href":"https:\/\/infoactual.com.ar\/index.php\/wp-json\/wp\/v2\/comments?post=4702"}],"version-history":[{"count":1,"href":"https:\/\/infoactual.com.ar\/index.php\/wp-json\/wp\/v2\/posts\/4702\/revisions"}],"predecessor-version":[{"id":4703,"href":"https:\/\/infoactual.com.ar\/index.php\/wp-json\/wp\/v2\/posts\/4702\/revisions\/4703"}],"wp:featuredmedia":[{"embeddable":true,"href":"https:\/\/infoactual.com.ar\/index.php\/wp-json\/wp\/v2\/media\/450"}],"wp:attachment":[{"href":"https:\/\/infoactual.com.ar\/index.php\/wp-json\/wp\/v2\/media?parent=4702"}],"wp:term":[{"taxonomy":"category","embeddable":true,"href":"https:\/\/infoactual.com.ar\/index.php\/wp-json\/wp\/v2\/categories?post=4702"},{"taxonomy":"post_tag","embeddable":true,"href":"https:\/\/infoactual.com.ar\/index.php\/wp-json\/wp\/v2\/tags?post=4702"}],"curies":[{"name":"wp","href":"https:\/\/api.w.org\/{rel}","templated":true}]}}