{"id":4882,"date":"2021-08-03T09:40:16","date_gmt":"2021-08-03T12:40:16","guid":{"rendered":"http:\/\/infoactual.com.ar\/?p=4882"},"modified":"2021-08-03T09:40:19","modified_gmt":"2021-08-03T12:40:19","slug":"vamos-a-tener-la-circulacion-de-la-variante-delta-tal-como-esta-en-los-paises-limitrofes-advirtio-una-infectologa","status":"publish","type":"post","link":"https:\/\/infoactual.com.ar\/index.php\/2021\/08\/03\/vamos-a-tener-la-circulacion-de-la-variante-delta-tal-como-esta-en-los-paises-limitrofes-advirtio-una-infectologa\/","title":{"rendered":"\u00abVAMOS A TENER LA CIRCULACI\u00d3N DE LA VARIANTE DELTA TAL COMO EST\u00c1 EN LOS PA\u00cdSES LIM\u00cdTROFES\u00bb, ADVIRTI\u00d3 UNA INFECT\u00d3LOGA"},"content":{"rendered":"\n<p><strong>La infect\u00f3loga Silvia Gonz\u00e1lez Ayala&nbsp;consider\u00f3 hoy que \u00abla Argentina no estar\u00e1 ajena a lo que ocurre en otros pa\u00edses\u00bb con la circulaci\u00f3n de la variante Delta del coronavirus.<\/strong><\/p>\n\n\n\n<p>&nbsp; &nbsp;\u00abVamos a tener la circulaci\u00f3n de la variante Delta tal como est\u00e1 en los pa\u00edses lim\u00edtrofes\u00bb, advirti\u00f3 la profesional en una entrevista que le realizaron Pablo Caruso y Marcos Cittadini en el programa \u00abUna ma\u00f1ana de estas\u00bb, de AM La990.<\/p>\n\n\n\n<p>&nbsp;&nbsp; Y agreg\u00f3: \u00abNosotros seguimos con el punto cr\u00edtico de un n\u00famero reducido de poblaci\u00f3n vacunada con las dos dosis. Nuestro pa\u00eds no logr\u00f3 llegar al umbral m\u00ednimo de vacunaci\u00f3n por d\u00eda, que son 500 mil personas. Nosotros deber\u00edamos vacunar entre 500 mil y un mill\u00f3n de personas por d\u00eda\u00bb.<\/p>\n\n\n\n<p>&nbsp;&nbsp; Sobre si la variante delta ya tiene una circulaci\u00f3n comunitaria o si recientemente comienza a manifestarse, la infect\u00f3loga explic\u00f3: \u00abUno de los casos hab\u00eda comenzado con los s\u00edntomas hace un mes, es decir que eso da soporte a pensar que ya tenemos circulaci\u00f3n y lo vamos a ver en los n\u00fameros que se van a ir reflejando progresivamente, tal como sucedi\u00f3 en otros pa\u00edses\u00bb.<\/p>\n\n\n\n<p>&nbsp;&nbsp; \u00abEs una variante de mayor contagiosidad\u00bb, agreg\u00f3. Con el virus original, proveniente de Wuhan, una persona infectada contagiaba a dos o tres, mientras que con la Delta el estimado es de siete a nueve personas que contagia una persona infectada.<\/p>\n\n\n\n<p>&nbsp;&nbsp; \u00abEs un efecto bola de nieve porque no es s\u00f3lo la vacunaci\u00f3n, sino que cada uno de nosotros tiene que cumplir estrictamente las medidas de protecci\u00f3n personal. Esto es una combinaci\u00f3n que suma para la prevenci\u00f3n: por un lado la vacunaci\u00f3n y por el otro, el uso de las medidas de protecci\u00f3n personal\u00bb, a\u00f1adi\u00f3.<\/p>\n\n\n\n<p>&nbsp;&nbsp; Tambi\u00e9n habl\u00f3 sobre los testeos, sobre los cuales mencion\u00f3 que el pa\u00eds no ha superado los 110 mil en toda la pandemia.&nbsp;\u00abCuanto m\u00e1s se muestrea, m\u00e1s se diagnostica y se puede cortar la cadena de transmisi\u00f3n. Eso es una asignatura pendiente en todo este tiempo\u00bb, asegur\u00f3.<\/p>\n","protected":false},"excerpt":{"rendered":"<p>La infect\u00f3loga Silvia Gonz\u00e1lez Ayala&nbsp;consider\u00f3 hoy que \u00abla Argentina no estar\u00e1 ajena a lo que ocurre en otros pa\u00edses\u00bb con la circulaci\u00f3n de la variante Delta del coronavirus. &nbsp; &nbsp;\u00abVamos a tener la circulaci\u00f3n de la variante Delta tal como est\u00e1 en los pa\u00edses lim\u00edtrofes\u00bb, advirti\u00f3 la profesional en una entrevista que le realizaron Pablo [&hellip;]<\/p>\n","protected":false},"author":2,"featured_media":4883,"comment_status":"open","ping_status":"open","sticky":false,"template":"","format":"standard","meta":{"footnotes":""},"categories":[45],"tags":[],"class_list":["post-4882","post","type-post","status-publish","format-standard","has-post-thumbnail","hentry","category-sociedad"],"_links":{"self":[{"href":"https:\/\/infoactual.com.ar\/index.php\/wp-json\/wp\/v2\/posts\/4882","targetHints":{"allow":["GET"]}}],"collection":[{"href":"https:\/\/infoactual.com.ar\/index.php\/wp-json\/wp\/v2\/posts"}],"about":[{"href":"https:\/\/infoactual.com.ar\/index.php\/wp-json\/wp\/v2\/types\/post"}],"author":[{"embeddable":true,"href":"https:\/\/infoactual.com.ar\/index.php\/wp-json\/wp\/v2\/users\/2"}],"replies":[{"embeddable":true,"href":"https:\/\/infoactual.com.ar\/index.php\/wp-json\/wp\/v2\/comments?post=4882"}],"version-history":[{"count":1,"href":"https:\/\/infoactual.com.ar\/index.php\/wp-json\/wp\/v2\/posts\/4882\/revisions"}],"predecessor-version":[{"id":4884,"href":"https:\/\/infoactual.com.ar\/index.php\/wp-json\/wp\/v2\/posts\/4882\/revisions\/4884"}],"wp:featuredmedia":[{"embeddable":true,"href":"https:\/\/infoactual.com.ar\/index.php\/wp-json\/wp\/v2\/media\/4883"}],"wp:attachment":[{"href":"https:\/\/infoactual.com.ar\/index.php\/wp-json\/wp\/v2\/media?parent=4882"}],"wp:term":[{"taxonomy":"category","embeddable":true,"href":"https:\/\/infoactual.com.ar\/index.php\/wp-json\/wp\/v2\/categories?post=4882"},{"taxonomy":"post_tag","embeddable":true,"href":"https:\/\/infoactual.com.ar\/index.php\/wp-json\/wp\/v2\/tags?post=4882"}],"curies":[{"name":"wp","href":"https:\/\/api.w.org\/{rel}","templated":true}]}}