{"id":4885,"date":"2021-08-03T09:43:27","date_gmt":"2021-08-03T12:43:27","guid":{"rendered":"http:\/\/infoactual.com.ar\/?p=4885"},"modified":"2021-08-03T09:43:28","modified_gmt":"2021-08-03T12:43:28","slug":"mario-ishii-fue-dado-de-alta-tras-haber-sufrido-un-grave-cuadro-de-coronavirus","status":"publish","type":"post","link":"https:\/\/infoactual.com.ar\/index.php\/2021\/08\/03\/mario-ishii-fue-dado-de-alta-tras-haber-sufrido-un-grave-cuadro-de-coronavirus\/","title":{"rendered":"MARIO ISHII FUE DADO DE ALTA TRAS HABER SUFRIDO UN GRAVE CUADRO DE CORONAVIRUS"},"content":{"rendered":"\n<p><strong>Tras diez d\u00edas de internaci\u00f3n por un cuadro de coronavirus, el intendente del partido bonaerense de Jos\u00e9 C. Paz, Mario Alberto Ishii, fue dado de alta y continuar\u00e1 su recuperaci\u00f3n en su domicilio.<\/strong><\/p>\n\n\n\n<p>&nbsp; &nbsp;El dirigente justicialista de 62 a\u00f1os hab\u00eda sido internado el el 22 de julio pasado en el Hospital Municipal \u00abDomino Angio\u00bb de Jos\u00e9 C. Paz, con un cuadro muy complicado de covid-19 por el que lleg\u00f3 a ser entubado y mantenido bajo estrict\u00edsimos cuidados en la unidad de terapia intensiva de ese nosocomio.<\/p>\n\n\n\n<p>&nbsp;&nbsp; Con su tradicional poncho rojo al hombro, Ishii sali\u00f3 del nosocomio este lunes del hospital, de muy buen humor, y agradeciendo a los m\u00e9dicos del hospital inaugurado bajo su gesti\u00f3n, mientras asegur\u00f3 sentirse \u00abmuy bien\u00bb.<\/p>\n\n\n\n<p>&nbsp;&nbsp; \u00abEstoy muy bien gracias a Dios. Ahora debo seguir el tratamiento y la recuperaci\u00f3n en mi domicilio\u00bb, expres\u00f3 el intendente, que ponder\u00f3 \u00abal gran equipo m\u00e9dico municipal\u00bb que le salv\u00f3 la vida, entre aplausos en la puerta del hospital-.<\/p>\n\n\n\n<p>&nbsp;&nbsp; El intendente hab\u00eda mostrado signos de mejora el jueves pasado, cuando despert\u00f3 del coma, al que hab\u00eda entrado por una neumon\u00eda bilateral grave como consecuencia de su cuadro de Covid-19, el que habr\u00eda contra\u00eddo a trav\u00e9s de un familiar.<\/p>\n","protected":false},"excerpt":{"rendered":"<p>Tras diez d\u00edas de internaci\u00f3n por un cuadro de coronavirus, el intendente del partido bonaerense de Jos\u00e9 C. Paz, Mario Alberto Ishii, fue dado de alta y continuar\u00e1 su recuperaci\u00f3n en su domicilio. &nbsp; &nbsp;El dirigente justicialista de 62 a\u00f1os hab\u00eda sido internado el el 22 de julio pasado en el Hospital Municipal \u00abDomino Angio\u00bb [&hellip;]<\/p>\n","protected":false},"author":2,"featured_media":4886,"comment_status":"open","ping_status":"open","sticky":false,"template":"","format":"standard","meta":{"footnotes":""},"categories":[51],"tags":[],"class_list":["post-4885","post","type-post","status-publish","format-standard","has-post-thumbnail","hentry","category-provincias"],"_links":{"self":[{"href":"https:\/\/infoactual.com.ar\/index.php\/wp-json\/wp\/v2\/posts\/4885","targetHints":{"allow":["GET"]}}],"collection":[{"href":"https:\/\/infoactual.com.ar\/index.php\/wp-json\/wp\/v2\/posts"}],"about":[{"href":"https:\/\/infoactual.com.ar\/index.php\/wp-json\/wp\/v2\/types\/post"}],"author":[{"embeddable":true,"href":"https:\/\/infoactual.com.ar\/index.php\/wp-json\/wp\/v2\/users\/2"}],"replies":[{"embeddable":true,"href":"https:\/\/infoactual.com.ar\/index.php\/wp-json\/wp\/v2\/comments?post=4885"}],"version-history":[{"count":1,"href":"https:\/\/infoactual.com.ar\/index.php\/wp-json\/wp\/v2\/posts\/4885\/revisions"}],"predecessor-version":[{"id":4887,"href":"https:\/\/infoactual.com.ar\/index.php\/wp-json\/wp\/v2\/posts\/4885\/revisions\/4887"}],"wp:featuredmedia":[{"embeddable":true,"href":"https:\/\/infoactual.com.ar\/index.php\/wp-json\/wp\/v2\/media\/4886"}],"wp:attachment":[{"href":"https:\/\/infoactual.com.ar\/index.php\/wp-json\/wp\/v2\/media?parent=4885"}],"wp:term":[{"taxonomy":"category","embeddable":true,"href":"https:\/\/infoactual.com.ar\/index.php\/wp-json\/wp\/v2\/categories?post=4885"},{"taxonomy":"post_tag","embeddable":true,"href":"https:\/\/infoactual.com.ar\/index.php\/wp-json\/wp\/v2\/tags?post=4885"}],"curies":[{"name":"wp","href":"https:\/\/api.w.org\/{rel}","templated":true}]}}