{"id":48874,"date":"2025-08-11T08:37:41","date_gmt":"2025-08-11T11:37:41","guid":{"rendered":"https:\/\/infoactual.com.ar\/?p=48874"},"modified":"2025-08-11T08:37:41","modified_gmt":"2025-08-11T11:37:41","slug":"docentes-y-no-docentes-de-la-uba-inician-hoy-un-paro-por-recomposicion-salarial","status":"publish","type":"post","link":"https:\/\/infoactual.com.ar\/index.php\/2025\/08\/11\/docentes-y-no-docentes-de-la-uba-inician-hoy-un-paro-por-recomposicion-salarial\/","title":{"rendered":"Docentes y no docentes de la UBA inician hoy un paro por recomposici\u00f3n salarial"},"content":{"rendered":"\n<p><strong>Docentes y no docentes de la Universidad de Buenos Aires (UBA), nucleados en ADUBA, APUBA, FEDUBA y UTE-CTERA Universitarios, realizar\u00e1n este lunes un paro de 24 horas por recomposici\u00f3n salarial, por lo cual no se iniciar\u00e1n las clases del segundo cuatrimestre.<\/strong><\/p>\n\n\n\n<p>En tanto, el martes los trabajadores de la UBA organizar\u00e1n<strong>&nbsp;actividades de visibilizaci\u00f3n<\/strong>&nbsp;de la problem\u00e1tica en facultades, institutos y hospitales universitarios y las acciones incluir\u00e1n clases p\u00fablicas, radios abiertas y charlas informativas.<\/p>\n\n\n\n<p>El secretario general de ADUBA,<strong>&nbsp;Emiliano Cagnacci, afirm\u00f3 que \u00abel Gobierno no escucha y contin\u00faa asfixiando a los trabajadores universitarios,<\/strong>&nbsp;cuyos salarios est\u00e1n mayoritariamente bajo la l\u00ednea de pobreza\u00bb.<\/p>\n\n\n\n<p>Adem\u00e1s, Cagnacci se\u00f1al\u00f3 que no entiende \u00ab<strong>cu\u00e1l es el proyecto de pa\u00eds del Gobierno sin educaci\u00f3n, ciencia y salud<\/strong>, ni sin estudiantes que puedan formarse en una universidad p\u00fablica y gratuita de calidad\u00bb.<\/p>\n\n\n\n<p>El dirigente remarc\u00f3 que muchos de los problemas podr\u00edan resolverse si el proyecto de&nbsp;<strong>Ley de Financiamiento Universitario,&nbsp;<\/strong>que obtuvo media sanci\u00f3n en Diputados, se convierte en ley.<\/p>\n\n\n\n<p>Cagnacci pidi\u00f3 tambi\u00e9n a los senadores que aprueben la norma para sacar del ahogamiento al sistema universitario p\u00fablico y advirti\u00f3 que evaluar\u00e1n los pasos a seguir si el Gobierno la veta.<\/p>\n\n\n\n<p>fuente NA<\/p>\n","protected":false},"excerpt":{"rendered":"<p>Docentes y no docentes de la Universidad de Buenos Aires (UBA), nucleados en ADUBA, APUBA, FEDUBA y UTE-CTERA Universitarios, realizar\u00e1n este lunes un paro de 24 horas por recomposici\u00f3n salarial, por lo cual no se iniciar\u00e1n las clases del segundo cuatrimestre. En tanto, el martes los trabajadores de la UBA organizar\u00e1n&nbsp;actividades de visibilizaci\u00f3n&nbsp;de la problem\u00e1tica [&hellip;]<\/p>\n","protected":false},"author":2,"featured_media":48875,"comment_status":"closed","ping_status":"closed","sticky":false,"template":"","format":"standard","meta":{"footnotes":""},"categories":[56,43],"tags":[],"class_list":["post-48874","post","type-post","status-publish","format-standard","has-post-thumbnail","hentry","category-destacada","category-politica"],"_links":{"self":[{"href":"https:\/\/infoactual.com.ar\/index.php\/wp-json\/wp\/v2\/posts\/48874","targetHints":{"allow":["GET"]}}],"collection":[{"href":"https:\/\/infoactual.com.ar\/index.php\/wp-json\/wp\/v2\/posts"}],"about":[{"href":"https:\/\/infoactual.com.ar\/index.php\/wp-json\/wp\/v2\/types\/post"}],"author":[{"embeddable":true,"href":"https:\/\/infoactual.com.ar\/index.php\/wp-json\/wp\/v2\/users\/2"}],"replies":[{"embeddable":true,"href":"https:\/\/infoactual.com.ar\/index.php\/wp-json\/wp\/v2\/comments?post=48874"}],"version-history":[{"count":1,"href":"https:\/\/infoactual.com.ar\/index.php\/wp-json\/wp\/v2\/posts\/48874\/revisions"}],"predecessor-version":[{"id":48876,"href":"https:\/\/infoactual.com.ar\/index.php\/wp-json\/wp\/v2\/posts\/48874\/revisions\/48876"}],"wp:featuredmedia":[{"embeddable":true,"href":"https:\/\/infoactual.com.ar\/index.php\/wp-json\/wp\/v2\/media\/48875"}],"wp:attachment":[{"href":"https:\/\/infoactual.com.ar\/index.php\/wp-json\/wp\/v2\/media?parent=48874"}],"wp:term":[{"taxonomy":"category","embeddable":true,"href":"https:\/\/infoactual.com.ar\/index.php\/wp-json\/wp\/v2\/categories?post=48874"},{"taxonomy":"post_tag","embeddable":true,"href":"https:\/\/infoactual.com.ar\/index.php\/wp-json\/wp\/v2\/tags?post=48874"}],"curies":[{"name":"wp","href":"https:\/\/api.w.org\/{rel}","templated":true}]}}