{"id":48877,"date":"2025-08-11T08:39:21","date_gmt":"2025-08-11T11:39:21","guid":{"rendered":"https:\/\/infoactual.com.ar\/?p=48877"},"modified":"2025-08-11T08:39:21","modified_gmt":"2025-08-11T11:39:21","slug":"polemica-en-casacion-un-planteo-podria-hacer-caer-la-causa-bailaque","status":"publish","type":"post","link":"https:\/\/infoactual.com.ar\/index.php\/2025\/08\/11\/polemica-en-casacion-un-planteo-podria-hacer-caer-la-causa-bailaque\/","title":{"rendered":"Pol\u00e9mica en Casaci\u00f3n: un planteo podr\u00eda hacer caer la causa Bailaque"},"content":{"rendered":"\n<p><strong>Un nuevo giro<\/strong>&nbsp;sacude a la causa que involucra al exjuez federal Marcelo Bailaque. La defensa del abogado tributarista rafaelino&nbsp;<strong>Guillermo Zenklusen<\/strong>, tambi\u00e9n imputado en el expediente, present\u00f3 un planteo ante la&nbsp;<strong>C\u00e1mara Federal de Casaci\u00f3n Penal<\/strong>&nbsp;que podr\u00eda derivar en la&nbsp;<strong>anulaci\u00f3n del proceso<\/strong>.<\/p>\n\n\n\n<p>El recurso argumenta que, seg\u00fan el&nbsp;<strong>C\u00f3digo de Procedimiento<\/strong>&nbsp;vigente antes de que en mayo de 2024 comenzara a regir el&nbsp;<strong>sistema acusatorio<\/strong>&nbsp;en Rosario, el caso deber\u00eda tramitar ante un juez y no bajo la nueva modalidad procesal.<\/p>\n\n\n\n<p>La movida sorprendi\u00f3 en tribunales porque la propia Casaci\u00f3n, por dos votos a uno, hab\u00eda rechazado una solicitud similar presentada por Bailaque. Sin embargo, en esta oportunidad, dos magistrados decidieron abrir la queja y escuchar a la defensa de Zenklusen.<\/p>\n\n\n\n<p>La resoluci\u00f3n lleva las firmas de&nbsp;<strong>Carlos Mahiques<\/strong>&nbsp;\u2014quien ya se hab\u00eda pronunciado a favor de Bailaque en disidencia\u2014 y de&nbsp;<strong>Mariano Borinsky<\/strong>, que ingres\u00f3 en el expediente en reemplazo de Diego Barroetave\u00f1a.<\/p>\n\n\n\n<p>Zenklusen est\u00e1 representado por&nbsp;<strong>Juan Ignacio Pascual<\/strong>, exsecretario de Casaci\u00f3n y colaborador en publicaciones period\u00edsticas junto a Borinsky, con quien tambi\u00e9n integr\u00f3 la&nbsp;<strong>Comisi\u00f3n de Reforma del C\u00f3digo Penal<\/strong>&nbsp;en 2017 y la reformulada bajo el gobierno de&nbsp;<strong>Javier Milei<\/strong>. Esa coincidencia aliment\u00f3 especulaciones sobre la influencia que podr\u00eda tener en el avance de la causa.<\/p>\n\n\n\n<p>Pascual comparte la defensa con&nbsp;<strong>Mar\u00eda Masanti<\/strong>, exintegrante del Juzgado Federal 9 durante la gesti\u00f3n de&nbsp;<strong>Juan Jos\u00e9 Galeano<\/strong>, con una trayectoria como abogada particular que incluye la representaci\u00f3n de la exvicepresidenta&nbsp;<strong>Gabriela Michetti<\/strong>&nbsp;y la participaci\u00f3n en querellas contra el exsecretario de Comercio kirchnerista&nbsp;<strong>Guillermo Moreno<\/strong>.<\/p>\n\n\n\n<p>fuente NA<\/p>\n","protected":false},"excerpt":{"rendered":"<p>Un nuevo giro&nbsp;sacude a la causa que involucra al exjuez federal Marcelo Bailaque. La defensa del abogado tributarista rafaelino&nbsp;Guillermo Zenklusen, tambi\u00e9n imputado en el expediente, present\u00f3 un planteo ante la&nbsp;C\u00e1mara Federal de Casaci\u00f3n Penal&nbsp;que podr\u00eda derivar en la&nbsp;anulaci\u00f3n del proceso. El recurso argumenta que, seg\u00fan el&nbsp;C\u00f3digo de Procedimiento&nbsp;vigente antes de que en mayo de 2024 [&hellip;]<\/p>\n","protected":false},"author":2,"featured_media":48878,"comment_status":"closed","ping_status":"closed","sticky":false,"template":"","format":"standard","meta":{"footnotes":""},"categories":[43],"tags":[],"class_list":["post-48877","post","type-post","status-publish","format-standard","has-post-thumbnail","hentry","category-politica"],"_links":{"self":[{"href":"https:\/\/infoactual.com.ar\/index.php\/wp-json\/wp\/v2\/posts\/48877","targetHints":{"allow":["GET"]}}],"collection":[{"href":"https:\/\/infoactual.com.ar\/index.php\/wp-json\/wp\/v2\/posts"}],"about":[{"href":"https:\/\/infoactual.com.ar\/index.php\/wp-json\/wp\/v2\/types\/post"}],"author":[{"embeddable":true,"href":"https:\/\/infoactual.com.ar\/index.php\/wp-json\/wp\/v2\/users\/2"}],"replies":[{"embeddable":true,"href":"https:\/\/infoactual.com.ar\/index.php\/wp-json\/wp\/v2\/comments?post=48877"}],"version-history":[{"count":1,"href":"https:\/\/infoactual.com.ar\/index.php\/wp-json\/wp\/v2\/posts\/48877\/revisions"}],"predecessor-version":[{"id":48879,"href":"https:\/\/infoactual.com.ar\/index.php\/wp-json\/wp\/v2\/posts\/48877\/revisions\/48879"}],"wp:featuredmedia":[{"embeddable":true,"href":"https:\/\/infoactual.com.ar\/index.php\/wp-json\/wp\/v2\/media\/48878"}],"wp:attachment":[{"href":"https:\/\/infoactual.com.ar\/index.php\/wp-json\/wp\/v2\/media?parent=48877"}],"wp:term":[{"taxonomy":"category","embeddable":true,"href":"https:\/\/infoactual.com.ar\/index.php\/wp-json\/wp\/v2\/categories?post=48877"},{"taxonomy":"post_tag","embeddable":true,"href":"https:\/\/infoactual.com.ar\/index.php\/wp-json\/wp\/v2\/tags?post=48877"}],"curies":[{"name":"wp","href":"https:\/\/api.w.org\/{rel}","templated":true}]}}