{"id":48880,"date":"2025-08-11T08:41:03","date_gmt":"2025-08-11T11:41:03","guid":{"rendered":"https:\/\/infoactual.com.ar\/?p=48880"},"modified":"2025-08-11T08:41:03","modified_gmt":"2025-08-11T11:41:03","slug":"cordoba-lidera-lla-y-schiaretti-y-de-la-sota-cabeza-a-cabeza","status":"publish","type":"post","link":"https:\/\/infoactual.com.ar\/index.php\/2025\/08\/11\/cordoba-lidera-lla-y-schiaretti-y-de-la-sota-cabeza-a-cabeza\/","title":{"rendered":"C\u00f3rdoba: lidera LLA y Schiaretti y De la Sota\u00a0cabeza\u00a0a\u00a0cabeza"},"content":{"rendered":"\n<p>Un sondeo de opini\u00f3n realizado por la consultora&nbsp;<strong>Circuitos<\/strong>&nbsp;en la provincia de&nbsp;<strong>C\u00f3rdoba<\/strong>, entre el 5 y el 8 de agosto, muestra que&nbsp;<strong>La Libertad Avanza (LLA)<\/strong>&nbsp;encabeza la intenci\u00f3n de voto legislativa con el 34,3% para la f\u00f3rmula&nbsp;<strong>Agust\u00edn Laje\u2013Rodrigo De Loredo<\/strong>, consolidando su predominio en un distrito hist\u00f3ricamente adverso al kirchnerismo y absorbiendo gran parte del electorado que antes apoyaba al&nbsp;<strong>PRO<\/strong>&nbsp;(2,2%) y a&nbsp;<strong>Juntos por C\u00f3rdoba<\/strong>&nbsp;(2,8%).<\/p>\n\n\n\n<p>En segundo lugar se ubica&nbsp;<strong>Hacemos C\u00f3rdoba<\/strong>, que responde a<strong>&nbsp;Juan Schiaretti<\/strong>, con el 20,4%, seguido por&nbsp;<strong>Defendemos C\u00f3rdoba<\/strong>, de&nbsp;<strong>Natalia De la Sota<\/strong>, con el 17,6%. La fragmentaci\u00f3n del peronismo provincial limita su competitividad, ya que sumadas sus expresiones podr\u00edan acercarse a la fuerza libertaria. Otro reflejo de esta dispersi\u00f3n es el 4,8% que obtiene Pablo Carro con Fuerza Patria.<\/p>\n\n\n\n<p>El&nbsp;<strong>Frente de Izquierda<\/strong>&nbsp;registra el 5,2%, mientras que un 8,3% de los consultados se declara indeciso y un 4,4% rechaza todas las opciones. Estos segmentos podr\u00edan alterar el escenario en la recta final de la campa\u00f1a.<\/p>\n\n\n\n<p>En cuanto a la participaci\u00f3n electoral, el 45,3% afirma que votar\u00e1 y el 30,2% dice que es muy probable que lo haga, mientras que un 24,5% admite que es poco probable o que no concurrir\u00e1 a las urnas, una situaci\u00f3n que podr\u00eda favorecer a las fuerzas con electorados m\u00e1s movilizados.<\/p>\n\n\n\n<p>El estudio refleja un realineamiento del voto opositor en C\u00f3rdoba hacia La Libertad Avanza, un peronismo dividido que reduce sus chances y un electorado indeciso y abstencionista que podr\u00eda definir la elecci\u00f3n&nbsp;de&nbsp;octubre.<\/p>\n\n\n\n<p>fuente NA<\/p>\n","protected":false},"excerpt":{"rendered":"<p>Un sondeo de opini\u00f3n realizado por la consultora&nbsp;Circuitos&nbsp;en la provincia de&nbsp;C\u00f3rdoba, entre el 5 y el 8 de agosto, muestra que&nbsp;La Libertad Avanza (LLA)&nbsp;encabeza la intenci\u00f3n de voto legislativa con el 34,3% para la f\u00f3rmula&nbsp;Agust\u00edn Laje\u2013Rodrigo De Loredo, consolidando su predominio en un distrito hist\u00f3ricamente adverso al kirchnerismo y absorbiendo gran parte del electorado que [&hellip;]<\/p>\n","protected":false},"author":2,"featured_media":48881,"comment_status":"closed","ping_status":"closed","sticky":false,"template":"","format":"standard","meta":{"footnotes":""},"categories":[43],"tags":[],"class_list":["post-48880","post","type-post","status-publish","format-standard","has-post-thumbnail","hentry","category-politica"],"_links":{"self":[{"href":"https:\/\/infoactual.com.ar\/index.php\/wp-json\/wp\/v2\/posts\/48880","targetHints":{"allow":["GET"]}}],"collection":[{"href":"https:\/\/infoactual.com.ar\/index.php\/wp-json\/wp\/v2\/posts"}],"about":[{"href":"https:\/\/infoactual.com.ar\/index.php\/wp-json\/wp\/v2\/types\/post"}],"author":[{"embeddable":true,"href":"https:\/\/infoactual.com.ar\/index.php\/wp-json\/wp\/v2\/users\/2"}],"replies":[{"embeddable":true,"href":"https:\/\/infoactual.com.ar\/index.php\/wp-json\/wp\/v2\/comments?post=48880"}],"version-history":[{"count":1,"href":"https:\/\/infoactual.com.ar\/index.php\/wp-json\/wp\/v2\/posts\/48880\/revisions"}],"predecessor-version":[{"id":48882,"href":"https:\/\/infoactual.com.ar\/index.php\/wp-json\/wp\/v2\/posts\/48880\/revisions\/48882"}],"wp:featuredmedia":[{"embeddable":true,"href":"https:\/\/infoactual.com.ar\/index.php\/wp-json\/wp\/v2\/media\/48881"}],"wp:attachment":[{"href":"https:\/\/infoactual.com.ar\/index.php\/wp-json\/wp\/v2\/media?parent=48880"}],"wp:term":[{"taxonomy":"category","embeddable":true,"href":"https:\/\/infoactual.com.ar\/index.php\/wp-json\/wp\/v2\/categories?post=48880"},{"taxonomy":"post_tag","embeddable":true,"href":"https:\/\/infoactual.com.ar\/index.php\/wp-json\/wp\/v2\/tags?post=48880"}],"curies":[{"name":"wp","href":"https:\/\/api.w.org\/{rel}","templated":true}]}}