{"id":48883,"date":"2025-08-11T08:44:10","date_gmt":"2025-08-11T11:44:10","guid":{"rendered":"https:\/\/infoactual.com.ar\/?p=48883"},"modified":"2025-08-11T08:44:11","modified_gmt":"2025-08-11T11:44:11","slug":"axel-kicillof-sobre-el-oficialismo-en-las-legislativas-bonaerenses-van-a-hacer-una-campana-ronosa","status":"publish","type":"post","link":"https:\/\/infoactual.com.ar\/index.php\/2025\/08\/11\/axel-kicillof-sobre-el-oficialismo-en-las-legislativas-bonaerenses-van-a-hacer-una-campana-ronosa\/","title":{"rendered":"Axel Kicillof sobre el oficialismo en las legislativas bonaerenses: \u201cVan a hacer una campa\u00f1a ro\u00f1osa\u201d"},"content":{"rendered":"\n<p>El gobernador de la provincia de&nbsp;<strong>Buenos Aires<\/strong>,&nbsp;<strong>Axel Kicillof<\/strong>, se refiri\u00f3 a las pr\u00f3ximas&nbsp;<strong>elecciones legislativas bonaerenses<\/strong>&nbsp;y sostuvo que, desde el oficialismo,&nbsp;<em>\u201cvan a hacer una campa\u00f1a ro\u00f1osa<\/em>\u201d, luego de que hayan publicado este domingo una noticia falsa, generada en una entrevista que brind\u00f3 el mandatario provincial.<\/p>\n\n\n\n<p>En declaraciones radiales, se\u00f1al\u00f3 que&nbsp;<strong>La Libertad Avanza (LLA<\/strong>), que confirm\u00f3 que ir\u00e1 junto al PRO,&nbsp;<strong>\u201c<\/strong><em><strong>har\u00e1 uso de la tecnolog\u00eda<\/strong><\/em><strong>\u201d<\/strong>&nbsp;y de las plataformas digitales con el fin de&nbsp;<em>\u201chacer decir a uno cosas que no dice<\/em>\u201d, dado que mucha gente se informa mediante el tel\u00e9fono celular.<\/p>\n\n\n\n<p>\u201c<em>Salen con una Cadena Nacional calamitosa y no van al grueso de la cuesti\u00f3n. (Javier) Milei ya no puede explicar nada. Viene de un mes espantoso con problemas en lo macro y en lo micro econ\u00f3mico, cada vez m\u00e1s dif\u00edcil de ocultar<\/em>\u201d, sentenci\u00f3.<\/p>\n\n\n\n<p>Por otra parte, celebr\u00f3 la uni\u00f3n de todo el peronismo en la alianza&nbsp;<strong>Fuerza Patria<\/strong>&nbsp;y remarc\u00f3 que, aunque las discusiones y las diferencias contin\u00faan, en esta instancia \u201c<em>no hab\u00eda que regal\u00e1rsela<\/em>\u201d al Gobierno Nacional.<\/p>\n\n\n\n<p>Con respecto a la condena de la ex presidenta Cristina Kirchner, Kicillof asegur\u00f3 que \u201c<em>est\u00e1 presa por Milei\u201d<\/em>&nbsp;y que, en este escenario donde la democracia es atacada de forma constante, \u201c<em>van a seguir cayendo opositores<\/em>\u201d.<\/p>\n\n\n\n<p>En relaci\u00f3n a eso, subray\u00f3 que el Presidente \u201c<em>pensaba que los ten\u00eda a todos separados\u201d<\/em>&nbsp;y logr\u00f3 que los diversos sectores \u201c<em>se juntaran y formaran<\/em>\u201d un nuevo frente para darle al ciudadano \u201c<em>un instrumento para votar en su contra\u201d.<\/em><\/p>\n\n\n\n<p>\u201cEfectivamente hay diferencias, pero tenemos que discutirlo puertas para adentro. El Gobierno de Alberto (Fern\u00e1ndez) no sali\u00f3 bien\u2026si vamos a ir con un modelo igual, va a salir algo parecido y nadie va a estar contento. Tiene que ser un peronismo que quiera gobernar en una coyuntura como \u00e9sta, con una ultraderecha muy instalada en varias partes del mundo\u201d, expres\u00f3 .<\/p>\n\n\n\n<p>Asimismo, manifest\u00f3 que&nbsp;<em>\u201chay que reformular los modos de entablar el vinculo con quienes representan<\/em>\u201d y lograr que en estas elecciones legislativas Milei \u201c<em>no salga fortalecido<\/em>\u201d.<\/p>\n\n\n\n<p>En el hipot\u00e9tico caso de que las elecciones fueran ganadas por LLA, el gobernador considero que \u201c<em>seguir\u00e1 con la motosierra a fondo<\/em>\u201d e incluso, sumado a los m\u00faltiples recortes presupuestarios, intentar\u00e1n cerrar el PAMI \u201c<em>que es una informaci\u00f3n que est\u00e1 circulando\u201d:<\/em>&nbsp;<em>\u201cSi gana, puede ser un impulso para que Milei siga haciendo lo que est\u00e1 haciendo, aunque creo que se le va a hacer cuesta arriba<\/em>\u201d, a\u00f1adi\u00f3.<\/p>\n\n\n\n<p><em>\u201cFuerza Patria es un hito importante porque cuando hay que estar espalda con espalda, estamos. La gente pidi\u00f3 que fu\u00e9ramos todos juntos y hay una decisi\u00f3n madura de nuestra parte para ponerle un freno al Gobierno. El contraste es claro entre lo que Milei destruye y lo que hace una provincia que es lo contrario porque tiene otro modelo\u201d,<\/em>&nbsp;concluy\u00f3.<\/p>\n\n\n\n<p>fuente NA<\/p>\n","protected":false},"excerpt":{"rendered":"<p>El gobernador de la provincia de&nbsp;Buenos Aires,&nbsp;Axel Kicillof, se refiri\u00f3 a las pr\u00f3ximas&nbsp;elecciones legislativas bonaerenses&nbsp;y sostuvo que, desde el oficialismo,&nbsp;\u201cvan a hacer una campa\u00f1a ro\u00f1osa\u201d, luego de que hayan publicado este domingo una noticia falsa, generada en una entrevista que brind\u00f3 el mandatario provincial. En declaraciones radiales, se\u00f1al\u00f3 que&nbsp;La Libertad Avanza (LLA), que confirm\u00f3 que [&hellip;]<\/p>\n","protected":false},"author":2,"featured_media":48884,"comment_status":"closed","ping_status":"closed","sticky":false,"template":"","format":"standard","meta":{"footnotes":""},"categories":[56,51],"tags":[],"class_list":["post-48883","post","type-post","status-publish","format-standard","has-post-thumbnail","hentry","category-destacada","category-provincias"],"_links":{"self":[{"href":"https:\/\/infoactual.com.ar\/index.php\/wp-json\/wp\/v2\/posts\/48883","targetHints":{"allow":["GET"]}}],"collection":[{"href":"https:\/\/infoactual.com.ar\/index.php\/wp-json\/wp\/v2\/posts"}],"about":[{"href":"https:\/\/infoactual.com.ar\/index.php\/wp-json\/wp\/v2\/types\/post"}],"author":[{"embeddable":true,"href":"https:\/\/infoactual.com.ar\/index.php\/wp-json\/wp\/v2\/users\/2"}],"replies":[{"embeddable":true,"href":"https:\/\/infoactual.com.ar\/index.php\/wp-json\/wp\/v2\/comments?post=48883"}],"version-history":[{"count":1,"href":"https:\/\/infoactual.com.ar\/index.php\/wp-json\/wp\/v2\/posts\/48883\/revisions"}],"predecessor-version":[{"id":48885,"href":"https:\/\/infoactual.com.ar\/index.php\/wp-json\/wp\/v2\/posts\/48883\/revisions\/48885"}],"wp:featuredmedia":[{"embeddable":true,"href":"https:\/\/infoactual.com.ar\/index.php\/wp-json\/wp\/v2\/media\/48884"}],"wp:attachment":[{"href":"https:\/\/infoactual.com.ar\/index.php\/wp-json\/wp\/v2\/media?parent=48883"}],"wp:term":[{"taxonomy":"category","embeddable":true,"href":"https:\/\/infoactual.com.ar\/index.php\/wp-json\/wp\/v2\/categories?post=48883"},{"taxonomy":"post_tag","embeddable":true,"href":"https:\/\/infoactual.com.ar\/index.php\/wp-json\/wp\/v2\/tags?post=48883"}],"curies":[{"name":"wp","href":"https:\/\/api.w.org\/{rel}","templated":true}]}}