{"id":48886,"date":"2025-08-11T08:45:40","date_gmt":"2025-08-11T11:45:40","guid":{"rendered":"https:\/\/infoactual.com.ar\/?p=48886"},"modified":"2025-08-11T08:45:41","modified_gmt":"2025-08-11T11:45:41","slug":"yerba-mate-desde-el-inym-advierten-que-el-sistema-yerbatero-esta-en-riesgo","status":"publish","type":"post","link":"https:\/\/infoactual.com.ar\/index.php\/2025\/08\/11\/yerba-mate-desde-el-inym-advierten-que-el-sistema-yerbatero-esta-en-riesgo\/","title":{"rendered":"Yerba mate: desde el INYM advierten que el sistema yerbatero \u201cest\u00e1 en riesgo\u201d"},"content":{"rendered":"\n<p><strong>El Instituto Nacional de la Yerba Mate (INYM)<\/strong>&nbsp;advirti\u00f3 que el&nbsp;<strong>sistema yerbatero<\/strong>&nbsp;se encuentra \u201cen riesgo\u201d, seg\u00fan indic\u00f3 en su informe sobre los datos del primer semestre (enero-junio) del 2025.<\/p>\n\n\n\n<p>Con respecto al procesamiento de la&nbsp;<strong>hoja verde<\/strong>, durante el primer semestre se procesaron un total de&nbsp;<strong>449,55 millones de kilogramos<\/strong>. Esto represent\u00f3 una retracci\u00f3n del&nbsp;<strong>20,3%<\/strong>&nbsp;en relaci\u00f3n al primer semestre del&nbsp;<strong>2024<\/strong>.<\/p>\n\n\n\n<p>El&nbsp;<strong>vol\u00famen consumido<\/strong>, por su parte, aument\u00f3&nbsp;<strong>7%&nbsp;<\/strong>interanual y alcanz\u00f3 los&nbsp;<strong>21,41 millones de kilogramos<\/strong>. Sin embargo, se sigue ubicando&nbsp;<strong>por debajo<\/strong>&nbsp;del nivel de noviembre del&nbsp;<strong>2023<\/strong>&nbsp;(<strong>-17,8%<\/strong>).<\/p>\n\n\n\n<p><strong>En los primeros seis meses del a\u00f1o,<\/strong>&nbsp;el consumo cerr\u00f3 en alza:&nbsp;<strong>138,27 millones de kilogramos<\/strong>&nbsp;(<strong>+15,7%<\/strong>&nbsp;con respecto al 2024 y&nbsp;<strong>-0,3%<\/strong>&nbsp;al per\u00edodo 2023).<\/p>\n\n\n\n<p><strong>Las exportaciones<\/strong>&nbsp;cerraron con sus n\u00fameros en positivo y se incrementaron un&nbsp;<strong>18%<\/strong>&nbsp;con respecto al primer semestre del a\u00f1o pasado, y un&nbsp;<strong>30,8%<\/strong>&nbsp;en comparaci\u00f3n con el promedio 2019-2024.<\/p>\n\n\n\n<p>fuente NA<\/p>\n","protected":false},"excerpt":{"rendered":"<p>El Instituto Nacional de la Yerba Mate (INYM)&nbsp;advirti\u00f3 que el&nbsp;sistema yerbatero&nbsp;se encuentra \u201cen riesgo\u201d, seg\u00fan indic\u00f3 en su informe sobre los datos del primer semestre (enero-junio) del 2025. Con respecto al procesamiento de la&nbsp;hoja verde, durante el primer semestre se procesaron un total de&nbsp;449,55 millones de kilogramos. Esto represent\u00f3 una retracci\u00f3n del&nbsp;20,3%&nbsp;en relaci\u00f3n al primer [&hellip;]<\/p>\n","protected":false},"author":2,"featured_media":48887,"comment_status":"closed","ping_status":"closed","sticky":false,"template":"","format":"standard","meta":{"footnotes":""},"categories":[44],"tags":[],"class_list":["post-48886","post","type-post","status-publish","format-standard","has-post-thumbnail","hentry","category-economia"],"_links":{"self":[{"href":"https:\/\/infoactual.com.ar\/index.php\/wp-json\/wp\/v2\/posts\/48886","targetHints":{"allow":["GET"]}}],"collection":[{"href":"https:\/\/infoactual.com.ar\/index.php\/wp-json\/wp\/v2\/posts"}],"about":[{"href":"https:\/\/infoactual.com.ar\/index.php\/wp-json\/wp\/v2\/types\/post"}],"author":[{"embeddable":true,"href":"https:\/\/infoactual.com.ar\/index.php\/wp-json\/wp\/v2\/users\/2"}],"replies":[{"embeddable":true,"href":"https:\/\/infoactual.com.ar\/index.php\/wp-json\/wp\/v2\/comments?post=48886"}],"version-history":[{"count":1,"href":"https:\/\/infoactual.com.ar\/index.php\/wp-json\/wp\/v2\/posts\/48886\/revisions"}],"predecessor-version":[{"id":48888,"href":"https:\/\/infoactual.com.ar\/index.php\/wp-json\/wp\/v2\/posts\/48886\/revisions\/48888"}],"wp:featuredmedia":[{"embeddable":true,"href":"https:\/\/infoactual.com.ar\/index.php\/wp-json\/wp\/v2\/media\/48887"}],"wp:attachment":[{"href":"https:\/\/infoactual.com.ar\/index.php\/wp-json\/wp\/v2\/media?parent=48886"}],"wp:term":[{"taxonomy":"category","embeddable":true,"href":"https:\/\/infoactual.com.ar\/index.php\/wp-json\/wp\/v2\/categories?post=48886"},{"taxonomy":"post_tag","embeddable":true,"href":"https:\/\/infoactual.com.ar\/index.php\/wp-json\/wp\/v2\/tags?post=48886"}],"curies":[{"name":"wp","href":"https:\/\/api.w.org\/{rel}","templated":true}]}}