{"id":49659,"date":"2025-09-08T08:27:33","date_gmt":"2025-09-08T11:27:33","guid":{"rendered":"https:\/\/infoactual.com.ar\/?p=49659"},"modified":"2025-09-08T08:27:35","modified_gmt":"2025-09-08T11:27:35","slug":"kicillof-consolida-su-figura-en-la-interna-del-peronismo-y-se-proyecta-para-el-2027","status":"publish","type":"post","link":"https:\/\/infoactual.com.ar\/index.php\/2025\/09\/08\/kicillof-consolida-su-figura-en-la-interna-del-peronismo-y-se-proyecta-para-el-2027\/","title":{"rendered":"Kicillof consolida su figura en la interna del peronismo y se proyecta para el 2027"},"content":{"rendered":"\n<p>El gobernador bonaerense,&nbsp;<strong>Axel Kicillof<\/strong>, dio este domingo un paso firme en la consolidaci\u00f3n de su figura tanto hacia la interna peronista como en la proyecci\u00f3n para las elecciones presidenciales de 2027, al haber obtenido en su distrito una&nbsp;<a href=\"https:\/\/noticiasargentinas.com\/politica\/contundente-victoria-de-fuerza-patria-sobre-lla-por-mas-de-13-puntos--46-9-a-33-8_a68be177e0da5b44d2920c3f7\">contundente victoria contra la alianza de La Libertad Avanza y un pu\u00f1ado de dirigentes del PRO<\/a>.<\/p>\n\n\n\n<p>A la luz de los resultados, la estrategia pol\u00edtico-electoral de Kicillof fue exitosa:<strong>&nbsp;el desdoblamiento del calendario nacional jug\u00f3 a su favor y su papel protag\u00f3nico en la campa\u00f1a le permiti\u00f3 posicionarse como el ganador de la noche<\/strong>.<\/p>\n\n\n\n<p>La militancia as\u00ed lo hizo saber en la g\u00e9lida noche platense en la que el peronismo volvi\u00f3 a saborear al triunfo: &nbsp;la multitud core\u00f3&nbsp;<strong>\u201cEs para Axel la conducci\u00f3n\u201d<\/strong>&nbsp;con la mira puesta en La C\u00e1mpora, el espacio con el que el gobernador protagoniz\u00f3 una<strong>&nbsp;encarnizada interna para un cierre de listas que se prolong\u00f3 incluso despu\u00e9s de los plazos legales<\/strong>.<\/p>\n\n\n\n<p>Y Kicillof acus\u00f3 recibo de esa convocatoria:<strong>&nbsp;anticip\u00f3 que la victoria de este domingo ser\u00e1 el comienzo de un \u201ccamino que empieza a recorrerse\u201d<\/strong>&nbsp;y adelant\u00f3 que buscar\u00e1 tender puentes de di\u00e1logo con gobernadores de otras provincias.&nbsp;<strong>\u00bfUn proyecto presidencial en ciernes?<\/strong><\/p>\n\n\n\n<p>La victoria de este armado de unidad del peronismo, con Kicillof a la cabeza, parece saldar la interna que no hab\u00eda quedado resuelta ni siquiera con la unidad forzosa de las listas: los distintos sectores hicieron campa\u00f1a por andariveles distintos, La C\u00e1mpora por un lado y Kicillof por otro, incluso con roces p\u00fablicos y reproches en privado.<\/p>\n\n\n\n<p>Hasta la ex presidenta<strong>&nbsp;Cristina Kirchner<\/strong>, que estuvo en contra de la estrategia del desdoblamiento, depuso los cuestionamientos y envi\u00f3 hoy un mensaje grabado de reconocimiento por la campa\u00f1a.&nbsp;<strong>Kicillof reconoci\u00f3 el gesto y declar\u00f3 que la prisi\u00f3n de la ex mandataria es \u201cinjusta\u201d<\/strong>.<\/p>\n\n\n\n<p>X de Axel Kicillof<\/p>\n\n\n\n<p>El gobernador bonaerense, que empez\u00f3 su camino pol\u00edtico en la ciudad de Buenos Aires, parece haber tomado nota de la experiencia reciente de sus antecesores en el cargo y&nbsp;<strong>asumi\u00f3 el riesgo de iniciar un camino de autonom\u00eda in\u00e9dito en el territorio para enfrentar a un gobierno, el de Javier Milei, que ven\u00eda envalentonado por sus victorias en varias provincias<\/strong>&nbsp;aunque tambi\u00e9n afectado por los recientes esc\u00e1ndalos de corrupci\u00f3n.<\/p>\n\n\n\n<p>Como toda decisi\u00f3n, pod\u00eda salir mal o resultar venturosa. Y contra todos los pron\u00f3sticos, y como suele ser norma en la pol\u00edtica argentina de los \u00faltimos a\u00f1os,&nbsp;<strong>los resultados sorprendieron incluso a los propios protagonistas<\/strong>.<\/p>\n\n\n\n<p>fuente NA<\/p>\n","protected":false},"excerpt":{"rendered":"<p>El gobernador bonaerense,&nbsp;Axel Kicillof, dio este domingo un paso firme en la consolidaci\u00f3n de su figura tanto hacia la interna peronista como en la proyecci\u00f3n para las elecciones presidenciales de 2027, al haber obtenido en su distrito una&nbsp;contundente victoria contra la alianza de La Libertad Avanza y un pu\u00f1ado de dirigentes del PRO. A la [&hellip;]<\/p>\n","protected":false},"author":2,"featured_media":49660,"comment_status":"closed","ping_status":"closed","sticky":false,"template":"","format":"standard","meta":{"footnotes":""},"categories":[56,51],"tags":[],"class_list":["post-49659","post","type-post","status-publish","format-standard","has-post-thumbnail","hentry","category-destacada","category-provincias"],"_links":{"self":[{"href":"https:\/\/infoactual.com.ar\/index.php\/wp-json\/wp\/v2\/posts\/49659","targetHints":{"allow":["GET"]}}],"collection":[{"href":"https:\/\/infoactual.com.ar\/index.php\/wp-json\/wp\/v2\/posts"}],"about":[{"href":"https:\/\/infoactual.com.ar\/index.php\/wp-json\/wp\/v2\/types\/post"}],"author":[{"embeddable":true,"href":"https:\/\/infoactual.com.ar\/index.php\/wp-json\/wp\/v2\/users\/2"}],"replies":[{"embeddable":true,"href":"https:\/\/infoactual.com.ar\/index.php\/wp-json\/wp\/v2\/comments?post=49659"}],"version-history":[{"count":1,"href":"https:\/\/infoactual.com.ar\/index.php\/wp-json\/wp\/v2\/posts\/49659\/revisions"}],"predecessor-version":[{"id":49661,"href":"https:\/\/infoactual.com.ar\/index.php\/wp-json\/wp\/v2\/posts\/49659\/revisions\/49661"}],"wp:featuredmedia":[{"embeddable":true,"href":"https:\/\/infoactual.com.ar\/index.php\/wp-json\/wp\/v2\/media\/49660"}],"wp:attachment":[{"href":"https:\/\/infoactual.com.ar\/index.php\/wp-json\/wp\/v2\/media?parent=49659"}],"wp:term":[{"taxonomy":"category","embeddable":true,"href":"https:\/\/infoactual.com.ar\/index.php\/wp-json\/wp\/v2\/categories?post=49659"},{"taxonomy":"post_tag","embeddable":true,"href":"https:\/\/infoactual.com.ar\/index.php\/wp-json\/wp\/v2\/tags?post=49659"}],"curies":[{"name":"wp","href":"https:\/\/api.w.org\/{rel}","templated":true}]}}