{"id":49972,"date":"2025-09-22T08:34:01","date_gmt":"2025-09-22T11:34:01","guid":{"rendered":"https:\/\/infoactual.com.ar\/?p=49972"},"modified":"2025-09-22T08:34:01","modified_gmt":"2025-09-22T11:34:01","slug":"regalito-martin-menem-difunde-fake-news-contra-fentre-patria-y-genero-criticas-y-burlas-en-las-redes","status":"publish","type":"post","link":"https:\/\/infoactual.com.ar\/index.php\/2025\/09\/22\/regalito-martin-menem-difunde-fake-news-contra-fentre-patria-y-genero-criticas-y-burlas-en-las-redes\/","title":{"rendered":"\u201cRegalito&#8230;\u201d: Mart\u00edn Menem difunde fake news contra Fentre Patria y gener\u00f3 cr\u00edticas y burlas en las redes"},"content":{"rendered":"\n<p>Una vez m\u00e1s, el presidente de la C\u00e1mara de Diputados,&nbsp;<strong>Mart\u00edn Menem<\/strong>, volvi\u00f3 a ser blanco de cr\u00edticas en las redes sociales, ya que en un intento por endilgarle a&nbsp;<strong>Axel Kicillof<\/strong>&nbsp;un supuesto nuevo impuesto a las billeteras virtuales,&nbsp;<strong>el diputado comparti\u00f3 la foto de un cartel que result\u00f3 ser falso<\/strong>.<\/p>\n\n\n\n<p>El tuit, originalmente publicado por el influencer libertario&nbsp;<strong>Fran Casaretto<\/strong>, mostraba un cartel en el que supuestamente un local de empanadas anunciaba un recargo por pagar con Mercado Pago. La intenci\u00f3n era acusar al gobernador bonaerense de crear un nuevo impuesto, algo que&nbsp;<a href=\"https:\/\/noticiasargentinas.com\/economia\/el-gobierno-de-axel-kicillof-nego-nuevos-impuestos-de-arba-a-las-billeteras-en-la-provincia-de-buenos-aires_a68c0ca9fda026b77f26aba7c?srsltid=AfmBOooPNBBY_d3v2S6EUSkdb4szf6y52OKcKXha8l7rBOpTACR3d_4-\">ya hab\u00eda sido desmentido por ARBA<\/a>.<\/p>\n\n\n\n<p>fuente NA<\/p>\n","protected":false},"excerpt":{"rendered":"<p>Una vez m\u00e1s, el presidente de la C\u00e1mara de Diputados,&nbsp;Mart\u00edn Menem, volvi\u00f3 a ser blanco de cr\u00edticas en las redes sociales, ya que en un intento por endilgarle a&nbsp;Axel Kicillof&nbsp;un supuesto nuevo impuesto a las billeteras virtuales,&nbsp;el diputado comparti\u00f3 la foto de un cartel que result\u00f3 ser falso. El tuit, originalmente publicado por el influencer [&hellip;]<\/p>\n","protected":false},"author":2,"featured_media":49973,"comment_status":"closed","ping_status":"closed","sticky":false,"template":"","format":"standard","meta":{"footnotes":""},"categories":[43],"tags":[],"class_list":["post-49972","post","type-post","status-publish","format-standard","has-post-thumbnail","hentry","category-politica"],"_links":{"self":[{"href":"https:\/\/infoactual.com.ar\/index.php\/wp-json\/wp\/v2\/posts\/49972","targetHints":{"allow":["GET"]}}],"collection":[{"href":"https:\/\/infoactual.com.ar\/index.php\/wp-json\/wp\/v2\/posts"}],"about":[{"href":"https:\/\/infoactual.com.ar\/index.php\/wp-json\/wp\/v2\/types\/post"}],"author":[{"embeddable":true,"href":"https:\/\/infoactual.com.ar\/index.php\/wp-json\/wp\/v2\/users\/2"}],"replies":[{"embeddable":true,"href":"https:\/\/infoactual.com.ar\/index.php\/wp-json\/wp\/v2\/comments?post=49972"}],"version-history":[{"count":1,"href":"https:\/\/infoactual.com.ar\/index.php\/wp-json\/wp\/v2\/posts\/49972\/revisions"}],"predecessor-version":[{"id":49974,"href":"https:\/\/infoactual.com.ar\/index.php\/wp-json\/wp\/v2\/posts\/49972\/revisions\/49974"}],"wp:featuredmedia":[{"embeddable":true,"href":"https:\/\/infoactual.com.ar\/index.php\/wp-json\/wp\/v2\/media\/49973"}],"wp:attachment":[{"href":"https:\/\/infoactual.com.ar\/index.php\/wp-json\/wp\/v2\/media?parent=49972"}],"wp:term":[{"taxonomy":"category","embeddable":true,"href":"https:\/\/infoactual.com.ar\/index.php\/wp-json\/wp\/v2\/categories?post=49972"},{"taxonomy":"post_tag","embeddable":true,"href":"https:\/\/infoactual.com.ar\/index.php\/wp-json\/wp\/v2\/tags?post=49972"}],"curies":[{"name":"wp","href":"https:\/\/api.w.org\/{rel}","templated":true}]}}