{"id":50060,"date":"2025-09-24T09:57:27","date_gmt":"2025-09-24T12:57:27","guid":{"rendered":"https:\/\/infoactual.com.ar\/?p=50060"},"modified":"2025-09-24T09:57:29","modified_gmt":"2025-09-24T12:57:29","slug":"el-costo-de-los-servicios-publicos-para-un-hogar-del-amba-sin-subsidios-bajo-un-77-en-septiembre","status":"publish","type":"post","link":"https:\/\/infoactual.com.ar\/index.php\/2025\/09\/24\/el-costo-de-los-servicios-publicos-para-un-hogar-del-amba-sin-subsidios-bajo-un-77-en-septiembre\/","title":{"rendered":"El costo de los servicios p\u00fablicos para un hogar del AMBA sin subsidios baj\u00f3 un 7,7% en septiembre"},"content":{"rendered":"\n<p>El costo promedio de los servicios p\u00fablicos para un hogar representativo del \u00c1rea Metropolitana de Buenos Aires (<a href=\"https:\/\/noticiasargentinas.com\/amba_t65553bf831f1697eb8e525ab\">AMBA<\/a>) volvi\u00f3 a bajar en septiembre por segundo mes consecutivo,&nbsp;<strong>al caer un 7,7% frente a agosto<\/strong>, de acuerdo a un reporte elaborado por el Observatorio de Tarifas y Subsidios IIEP a cargo de la UBA-Conicet.<\/p>\n\n\n\n<p>El informe expuso que en septiembre un hogar promedio del AMBA, sin subsidios,<strong>&nbsp;gasta $173.625 al mes en cubrir sus necesidades energ\u00e9ticas, de transporte y de agua potable<\/strong>&nbsp;en el hogar, lo que implica un 7,7% menos que en agosto, cuando se alcanz\u00f3 un costo de $181.194 por la reducci\u00f3n del 2,7% frente a julio.<\/p>\n\n\n\n<p>Al argumentar la merma, el IIEP sostuvo que<em>&nbsp;\u201clo explica esencialmente una&nbsp;<strong>reducci\u00f3n en los consumos de gas y energ\u00eda el\u00e9ctrica<\/strong>&nbsp;debido a que se dejan atr\u00e1s los meses de picos de consumo de invierno\u201d<\/em>&nbsp;y agreg\u00f3 que<em>&nbsp;\u201cal igual que en el mes anterior, el efecto en las cantidades m\u00e1s que compensa el impacto de los incrementos en los cuadros tarifarios en todos los servicios p\u00fablicos\u201d.<\/em><\/p>\n\n\n\n<p>Al detallar la realidad de cada servicio, precis\u00f3 que en lo que respecta al agua<em>&nbsp;\u201cse incrementa el cuadro tarifario a la vez que el consumo se ajusta por cantidad de d\u00edas del mes (septiembre tiene 30 d\u00edas, uno menos que agosto)\u201d.<\/em><\/p>\n\n\n\n<p>En cuanto al gas, especific\u00f3 que<em>&nbsp;\u201caumenta el cuadro tarifario (3,1% el cargo fijo y 1,6% el cargo variable) a la vez que se reducen las cantidades consumidas por estacionalidad pasado el pico de consumo del invierno\u201d<\/em>, en tanto que en el caso de la energ\u00eda el\u00e9ctrica, puntualiz\u00f3 que<em>&nbsp;\u201cdecrece el consumo respecto del mes anterior mientras se incrementaron los cuadros tarifarios, 3% el cargo fijo y 1,5% el cargo variable\u201d.<\/em><\/p>\n\n\n\n<p>Por el lado de los colectivos, el reporte reflej\u00f3 que mientras el boleto de las l\u00edneas de la Ciudad aumenta con IPC+2% (esto arroja un 3,9% en septiembre) las l\u00edneas interjurisdiccionales a cargo de Naci\u00f3n no tuvieron variaci\u00f3n respecto del mes anterior (acumula 22% de aumento en tres meses). Por esto, el costo promedio ponderado del boleto de colectivos aumenta 2,3% en el mes.<\/p>\n\n\n\n<p>En la comparativa interanual, expuso que el costo de la canasta total se increment\u00f3 por debajo del \u00edndice general de precios del per\u00edodo (la canasta aument\u00f3 26% mientras que para el IPC se estima un incremento del 31%). A su vez, en 2025 la canasta acumula<strong>&nbsp;un aumento del 24% mientras que la inflaci\u00f3n acumulada es del 21%. &nbsp;<\/strong><\/p>\n\n\n\n<p>En la desagregaci\u00f3n interanual por servicio, el estudio manifest\u00f3 que<em>&nbsp;\u201cse observa que el incremento interanual m\u00e1s importante fue en la factura de transporte con un aumento del 33% respecto a septiembre de 2024, es decir, por encima del IPC estimado y en agua con el 23%\u201d<\/em>. En tanto que el gas y la electricidad aumentaron 23% y 18%, respectivamente.<\/p>\n\n\n\n<p>Al medir el comportamiento de las tarifas desde la asunci\u00f3n de la administraci\u00f3n de Javier Milei hasta la actualidad, el IIEP revel\u00f3 que&nbsp;<em>\u201cdesde diciembre de 2023 hasta el mes de septiembre de 2025 la canasta de servicios p\u00fablicos del AMBA&nbsp;<strong>se increment\u00f3 526% mientras que el nivel general de precios lo hizo en 164%\u201d.<\/strong><\/em>&nbsp;<\/p>\n\n\n\n<p>Por otra lado, aport\u00f3 que<em>&nbsp;\u201cen los hogares del AMBA se pagan tarifas de servicios p\u00fablicos que, en promedio ,<strong>&nbsp;cubren el 50% de los costos<\/strong>&nbsp;y, por lo tanto, el Estado se hace cargo del 50% restante\u201d<\/em>, aunque aclar\u00f3 que<em>&nbsp;\u201cesta cobertura es dispar entre segmentos de hogares y entre servicios\u201d.<\/em><\/p>\n\n\n\n<p>El informe tambi\u00e9n evalu\u00f3 el peso de las tarifas en los sueldos puntualizando que<em>&nbsp;\u201cla canasta de servicios p\u00fablicos del AMBA de septiembre&nbsp;<strong>representa el 11,1% del salario promedio registrado<\/strong> estimado del mes ($1.564.013) o bien, con un salario alcanza para comprar 9 canastas de servicios p\u00fablicos (vs 7,8 en septiembre de 2024)\u201d.<\/em><\/p>\n\n\n\n<p>fuente NA<\/p>\n","protected":false},"excerpt":{"rendered":"<p>El costo promedio de los servicios p\u00fablicos para un hogar representativo del \u00c1rea Metropolitana de Buenos Aires (AMBA) volvi\u00f3 a bajar en septiembre por segundo mes consecutivo,&nbsp;al caer un 7,7% frente a agosto, de acuerdo a un reporte elaborado por el Observatorio de Tarifas y Subsidios IIEP a cargo de la UBA-Conicet. El informe expuso [&hellip;]<\/p>\n","protected":false},"author":2,"featured_media":50061,"comment_status":"closed","ping_status":"closed","sticky":false,"template":"","format":"standard","meta":{"footnotes":""},"categories":[44],"tags":[],"class_list":["post-50060","post","type-post","status-publish","format-standard","has-post-thumbnail","hentry","category-economia"],"_links":{"self":[{"href":"https:\/\/infoactual.com.ar\/index.php\/wp-json\/wp\/v2\/posts\/50060","targetHints":{"allow":["GET"]}}],"collection":[{"href":"https:\/\/infoactual.com.ar\/index.php\/wp-json\/wp\/v2\/posts"}],"about":[{"href":"https:\/\/infoactual.com.ar\/index.php\/wp-json\/wp\/v2\/types\/post"}],"author":[{"embeddable":true,"href":"https:\/\/infoactual.com.ar\/index.php\/wp-json\/wp\/v2\/users\/2"}],"replies":[{"embeddable":true,"href":"https:\/\/infoactual.com.ar\/index.php\/wp-json\/wp\/v2\/comments?post=50060"}],"version-history":[{"count":1,"href":"https:\/\/infoactual.com.ar\/index.php\/wp-json\/wp\/v2\/posts\/50060\/revisions"}],"predecessor-version":[{"id":50062,"href":"https:\/\/infoactual.com.ar\/index.php\/wp-json\/wp\/v2\/posts\/50060\/revisions\/50062"}],"wp:featuredmedia":[{"embeddable":true,"href":"https:\/\/infoactual.com.ar\/index.php\/wp-json\/wp\/v2\/media\/50061"}],"wp:attachment":[{"href":"https:\/\/infoactual.com.ar\/index.php\/wp-json\/wp\/v2\/media?parent=50060"}],"wp:term":[{"taxonomy":"category","embeddable":true,"href":"https:\/\/infoactual.com.ar\/index.php\/wp-json\/wp\/v2\/categories?post=50060"},{"taxonomy":"post_tag","embeddable":true,"href":"https:\/\/infoactual.com.ar\/index.php\/wp-json\/wp\/v2\/tags?post=50060"}],"curies":[{"name":"wp","href":"https:\/\/api.w.org\/{rel}","templated":true}]}}