{"id":50178,"date":"2025-09-29T21:32:46","date_gmt":"2025-09-30T00:32:46","guid":{"rendered":"https:\/\/infoactual.com.ar\/?p=50178"},"modified":"2025-09-29T21:32:47","modified_gmt":"2025-09-30T00:32:47","slug":"la-cra-reclamo-por-la-prorroga-en-la-baja-de-retenciones","status":"publish","type":"post","link":"https:\/\/infoactual.com.ar\/index.php\/2025\/09\/29\/la-cra-reclamo-por-la-prorroga-en-la-baja-de-retenciones\/","title":{"rendered":"La CRA reclam\u00f3 por la pr\u00f3rroga en la baja de retenciones"},"content":{"rendered":"\n<p><strong>Confederaciones Rurales Argentinas (CRA) reclam\u00f3 hoy por la pr\u00f3rroga en la eliminaci\u00f3n de las retenciones para todos los granos, la cual hab\u00eda finalizado el mi\u00e9rcoles 24 de septiembre tras haber alcanzado las Declaraciones Juradas de Venta al Exterior (DJVE) por un total de US$7.000 millones.<\/strong><\/p>\n\n\n\n<p><strong>\u201cDefendamos el valor de nuestro trabajo y no nos apresuremos a vender los granos\u201d<\/strong>, se\u00f1al\u00f3 el presidente de la entidad agropecuaria,&nbsp;<strong>Carlos Castagnani<\/strong>.<\/p>\n\n\n\n<p>El titular de CRA reconoci\u00f3 las medidas positivas adoptadas por el gobierno de&nbsp;<a href=\"https:\/\/noticiasargentinas.com\/javier-milei_t65552d79207c69788b5733a8\"><strong>Javier Milei<\/strong><\/a>, pero ratific\u00f3 el pedido de que la pr\u00f3rroga de la baja de los&nbsp;<strong>Derechos de Exportaci\u00f3n<\/strong>&nbsp;(DEX)&nbsp;<strong>se extienda hasta el 31 de octubre<\/strong>, fecha l\u00edmite que hab\u00eda anunciado el&nbsp;<strong>Gobierno<\/strong>&nbsp;si no se lograba cumplir el monto de las<strong>&nbsp;DJVE<\/strong>.<\/p>\n\n\n\n<p>fuente NA<\/p>\n","protected":false},"excerpt":{"rendered":"<p>Confederaciones Rurales Argentinas (CRA) reclam\u00f3 hoy por la pr\u00f3rroga en la eliminaci\u00f3n de las retenciones para todos los granos, la cual hab\u00eda finalizado el mi\u00e9rcoles 24 de septiembre tras haber alcanzado las Declaraciones Juradas de Venta al Exterior (DJVE) por un total de US$7.000 millones. \u201cDefendamos el valor de nuestro trabajo y no nos apresuremos [&hellip;]<\/p>\n","protected":false},"author":2,"featured_media":50179,"comment_status":"closed","ping_status":"closed","sticky":false,"template":"","format":"standard","meta":{"footnotes":""},"categories":[44],"tags":[],"class_list":["post-50178","post","type-post","status-publish","format-standard","has-post-thumbnail","hentry","category-economia"],"_links":{"self":[{"href":"https:\/\/infoactual.com.ar\/index.php\/wp-json\/wp\/v2\/posts\/50178","targetHints":{"allow":["GET"]}}],"collection":[{"href":"https:\/\/infoactual.com.ar\/index.php\/wp-json\/wp\/v2\/posts"}],"about":[{"href":"https:\/\/infoactual.com.ar\/index.php\/wp-json\/wp\/v2\/types\/post"}],"author":[{"embeddable":true,"href":"https:\/\/infoactual.com.ar\/index.php\/wp-json\/wp\/v2\/users\/2"}],"replies":[{"embeddable":true,"href":"https:\/\/infoactual.com.ar\/index.php\/wp-json\/wp\/v2\/comments?post=50178"}],"version-history":[{"count":1,"href":"https:\/\/infoactual.com.ar\/index.php\/wp-json\/wp\/v2\/posts\/50178\/revisions"}],"predecessor-version":[{"id":50180,"href":"https:\/\/infoactual.com.ar\/index.php\/wp-json\/wp\/v2\/posts\/50178\/revisions\/50180"}],"wp:featuredmedia":[{"embeddable":true,"href":"https:\/\/infoactual.com.ar\/index.php\/wp-json\/wp\/v2\/media\/50179"}],"wp:attachment":[{"href":"https:\/\/infoactual.com.ar\/index.php\/wp-json\/wp\/v2\/media?parent=50178"}],"wp:term":[{"taxonomy":"category","embeddable":true,"href":"https:\/\/infoactual.com.ar\/index.php\/wp-json\/wp\/v2\/categories?post=50178"},{"taxonomy":"post_tag","embeddable":true,"href":"https:\/\/infoactual.com.ar\/index.php\/wp-json\/wp\/v2\/tags?post=50178"}],"curies":[{"name":"wp","href":"https:\/\/api.w.org\/{rel}","templated":true}]}}