{"id":5040,"date":"2021-08-07T10:37:50","date_gmt":"2021-08-07T13:37:50","guid":{"rendered":"http:\/\/infoactual.com.ar\/?p=5040"},"modified":"2021-08-07T10:37:51","modified_gmt":"2021-08-07T13:37:51","slug":"movimientos-sociales-cercanos-al-gobierno-marchan-desde-san-cayetano-a-plaza-de-mayo","status":"publish","type":"post","link":"https:\/\/infoactual.com.ar\/index.php\/2021\/08\/07\/movimientos-sociales-cercanos-al-gobierno-marchan-desde-san-cayetano-a-plaza-de-mayo\/","title":{"rendered":"MOVIMIENTOS SOCIALES CERCANOS AL GOBIERNO MARCHAN DESDE SAN CAYETANO A PLAZA DE MAYO"},"content":{"rendered":"\n<p><strong>Los movimientos sociales agrupados en la Uni\u00f3n de Trabajadores y Trabajadoras de la Econom\u00eda Popular (UTEP) marchan hoy desde el Santuario de San Cayetano a Plaza de Mayo con las banderas de \u00abTierra, Techo, Trabajo y el Salario Universal\u00bb.<\/strong><\/p>\n\n\n\n<p>&nbsp; &nbsp;Se trata de una iniciativa impulsada por el Movimiento Evita, Somos-Barrios de Pie y la Corriente Clasista y Combativa (CCC), entre otras, todas agrupaciones cercanas al Gobierno y que buscan instalar estos reclamos en medio de la campa\u00f1a electoral.<\/p>\n\n\n\n<p>&nbsp;&nbsp; Adem\u00e1s, ser\u00e1 una demostraci\u00f3n de fuerza de estos espacios oficialistas, que realizar\u00e1n la primera movilizaci\u00f3n masiva tras m\u00e1s de un a\u00f1o y medio de pandemia.<\/p>\n\n\n\n<p>&nbsp;&nbsp; La caravana ser\u00e1 en coincidencia con el D\u00eda de San Cayetano, el patrono del pan y el trabajo: a las 7 hubo una misa y a partir de las 9:00 comenzar\u00e1 la movilizaci\u00f3n hasta la Casa Rosada.<\/p>\n\n\n\n<p>&nbsp;&nbsp; Al respecto, Daniel Men\u00e9ndez, coordinador nacional de SOMOS\/ Barrios de Pie y candidato a diputado nacional por el Frente de Todos en la Provincia de Buenos Aires, manifest\u00f3: \u00abEsta movilizaci\u00f3n que se expresa en la calle, multitudinaria, es la misma multitud que sostuvo los comedores comunitarios y que sostuvo las pol\u00edticas sanitarias en los barrios humildes\u00bb.<\/p>\n\n\n\n<p>&nbsp;&nbsp; \u00abEs la misma multitud que hoy est\u00e1 en la calle pero que le dio de comer durante meses de pandemia a much\u00edsima gente en todo el pa\u00eds. Es la multitud que hizo las postas sanitarias y que sostiene a (el presidente) Alberto (Fern\u00e1ndez) y a (la vicepresidenta) Cristina (Kirchner) en los barrios d\u00eda tras d\u00eda\u00bb, indic\u00f3.<\/p>\n\n\n\n<p>&nbsp;&nbsp; Con respecto al futuro inmediato, Men\u00e9ndez destac\u00f3: \u00abLos movimientos populares vamos a ser protagonistas de la Argentina pospandemia. As\u00ed como el Presidente dijo que somos parte de la soluci\u00f3n y no el problema, durante la pandemia tuvimos un rol clave para sostener a la comunidad. Y en la Argentina que se viene, a\u00fan m\u00e1s va a ser fundamental la tarea de los movimientos para fortalecer las pol\u00edticas sociales de trabajo\u00bb.<\/p>\n","protected":false},"excerpt":{"rendered":"<p>Los movimientos sociales agrupados en la Uni\u00f3n de Trabajadores y Trabajadoras de la Econom\u00eda Popular (UTEP) marchan hoy desde el Santuario de San Cayetano a Plaza de Mayo con las banderas de \u00abTierra, Techo, Trabajo y el Salario Universal\u00bb. &nbsp; &nbsp;Se trata de una iniciativa impulsada por el Movimiento Evita, Somos-Barrios de Pie y la [&hellip;]<\/p>\n","protected":false},"author":2,"featured_media":5041,"comment_status":"open","ping_status":"open","sticky":false,"template":"","format":"standard","meta":{"footnotes":""},"categories":[43],"tags":[],"class_list":["post-5040","post","type-post","status-publish","format-standard","has-post-thumbnail","hentry","category-politica"],"_links":{"self":[{"href":"https:\/\/infoactual.com.ar\/index.php\/wp-json\/wp\/v2\/posts\/5040","targetHints":{"allow":["GET"]}}],"collection":[{"href":"https:\/\/infoactual.com.ar\/index.php\/wp-json\/wp\/v2\/posts"}],"about":[{"href":"https:\/\/infoactual.com.ar\/index.php\/wp-json\/wp\/v2\/types\/post"}],"author":[{"embeddable":true,"href":"https:\/\/infoactual.com.ar\/index.php\/wp-json\/wp\/v2\/users\/2"}],"replies":[{"embeddable":true,"href":"https:\/\/infoactual.com.ar\/index.php\/wp-json\/wp\/v2\/comments?post=5040"}],"version-history":[{"count":1,"href":"https:\/\/infoactual.com.ar\/index.php\/wp-json\/wp\/v2\/posts\/5040\/revisions"}],"predecessor-version":[{"id":5042,"href":"https:\/\/infoactual.com.ar\/index.php\/wp-json\/wp\/v2\/posts\/5040\/revisions\/5042"}],"wp:featuredmedia":[{"embeddable":true,"href":"https:\/\/infoactual.com.ar\/index.php\/wp-json\/wp\/v2\/media\/5041"}],"wp:attachment":[{"href":"https:\/\/infoactual.com.ar\/index.php\/wp-json\/wp\/v2\/media?parent=5040"}],"wp:term":[{"taxonomy":"category","embeddable":true,"href":"https:\/\/infoactual.com.ar\/index.php\/wp-json\/wp\/v2\/categories?post=5040"},{"taxonomy":"post_tag","embeddable":true,"href":"https:\/\/infoactual.com.ar\/index.php\/wp-json\/wp\/v2\/tags?post=5040"}],"curies":[{"name":"wp","href":"https:\/\/api.w.org\/{rel}","templated":true}]}}