{"id":50459,"date":"2025-10-10T22:15:57","date_gmt":"2025-10-11T01:15:57","guid":{"rendered":"https:\/\/infoactual.com.ar\/?p=50459"},"modified":"2025-10-10T22:15:58","modified_gmt":"2025-10-11T01:15:58","slug":"carrefour-replantea-su-salida-del-pais-y-los-changuitos-dan-una-pista-sobre-que-haran","status":"publish","type":"post","link":"https:\/\/infoactual.com.ar\/index.php\/2025\/10\/10\/carrefour-replantea-su-salida-del-pais-y-los-changuitos-dan-una-pista-sobre-que-haran\/","title":{"rendered":"Carrefour replantea su salida del pa\u00eds y los changuitos dan una pista sobre qu\u00e9 har\u00e1n"},"content":{"rendered":"\n<p>&nbsp;Los clientes que van a los&nbsp;<a href=\"https:\/\/noticiasargentinas.com\/empresas---negocios\/chau-milei--una-cadena-de-supermercados-francesa-se-despide-a-medias-y-un-viejo-archirrival-podria-comprarla_a68b9fa4d794cc2e7ebea8185\"><strong>markets de Carrefour<\/strong><\/a>dejan huella visible sobre sus&nbsp;<strong>nuevos h\u00e1bitos de consumo,<\/strong>&nbsp;no s\u00f3lo en el&nbsp;<strong>ticket promedio&nbsp;<\/strong>(que en todo el primer trimestre de 2025 fue inferior a diciembre), sino en las entradas:&nbsp;<strong>sobran los changuitos grandes y escasean los m\u00e1s chicos<\/strong>, que hasta son esperados en las puertas para hacer posta.<\/p>\n\n\n\n<p>El&nbsp;<strong>indicador changuito de Argentina&nbsp;<\/strong>se cruza en la sede central del grupo, en Massy, Francia, bajo la presidencia del CEO&nbsp;<strong>Alexandre Bompard,&nbsp;<\/strong>con el plan global que viene aplicando la cadena, orientado a&nbsp;<strong>desprenderse de activos y filiales que no se consideren estrat\u00e9gicos&nbsp;<\/strong>para<strong>&nbsp;redireccionar recursos a reforzar la presencia en Francia, Espa\u00f1a y Brasil.<\/strong><\/p>\n\n\n\n<p>A fin de mes y hasta mediados de noviembre ya se deber\u00edan tener definiciones en el comando superior franc\u00e9s sobre&nbsp;<strong>qu\u00e9 ofertas elegir para la venta de su operaci\u00f3n en Argentina,<\/strong>&nbsp;<strong>qu\u00e9 parte de la cadena comprender\u00e1&nbsp;<\/strong>y, seg\u00fan se cree,&nbsp;<strong>qu\u00e9 participaci\u00f3n retendr\u00e1 seg\u00fan los rubros.<\/strong><\/p>\n\n\n\n<p>Por lo que se visumbra, los movimientos realizados en la filial argentina indicar\u00edan que la idea es&nbsp;<strong>desprenderse de los hipermercados, maxi y eventualmente market&nbsp;<\/strong>para concentrarse en el modelo global de crecimiento en el sector de la distribuci\u00f3n, y abastecer a los locales de cercan\u00eda, los propios y franquiciados.&nbsp;<\/p>\n\n\n\n<h3 class=\"wp-block-heading\">Las ofertas en consideraci\u00f3n<\/h3>\n\n\n\n<p>Sobre la mesa, se encuentran siete ofertas preseleccionadas que le entreg\u00f3 el&nbsp;<strong>Deutsche Bank<\/strong>, designado asesor financiero para la venta, e involucran a las&nbsp;<strong>m\u00e1s de 700 sucursales&nbsp;<\/strong><strong>distribuidas en 110 municipios,<\/strong><strong>&nbsp;entre los formatos Carrefour Market, Express, Hipermercados y Maxi&nbsp;<\/strong>que constituyen su operaci\u00f3n en Argentina, que emplean a&nbsp;<strong>17 mil trabajadores.<\/strong><\/p>\n\n\n\n<p>Las propuestas corresponden a&nbsp;<strong>tres inversores estrat\u00e9gicos<\/strong>&nbsp;-es decir, ya con presencia en el negocio en la Argentina- y otras cuatro son de&nbsp;<strong>fondos de inversi\u00f3n, locales y extranjeros,<\/strong>&nbsp;que buscan poner un pie en el rubro.<\/p>\n\n\n\n<p>Se mencionan:&nbsp;<strong>Coto; GDN&nbsp;<\/strong>(De Narv\u00e1ez);&nbsp;<strong>Cencosud<\/strong>&nbsp;(Jumbo); el&nbsp;<strong>fondo Klaff Realty&nbsp;<\/strong>(que compr\u00f3 la Tienda Inglesa uruguaya);&nbsp;<strong>Sophia Capital&nbsp;<\/strong>(fondo de inversi\u00f3n argentino que lideran&nbsp;<strong>Diego \u00c1lvarez-Demalde&nbsp;<\/strong>\u2013hermano de Francisco, creador de Riverwood Capital\u2013 y&nbsp;<strong>Federico Shargorodsky<\/strong>),&nbsp;<strong>Newsan<\/strong>&nbsp;(liderado por&nbsp;<strong>Rub\u00e9n Cher\u00f1ajovsky<\/strong>), e&nbsp;<strong>Intercorp<\/strong>&nbsp;(uno de los principales holdings econ\u00f3micos de Per\u00fa).<\/p>\n\n\n\n<p>Hay candidatos que parec\u00edan firmes y se fueron desdibujando, como&nbsp;<strong>Walmart.<\/strong><\/p>\n\n\n\n<p>Seg\u00fan trascendi\u00f3, las propuestas recibidas rondan entre 900 y 1.000 millones de d\u00f3lares, monto que se encuentra&nbsp;<strong>muy por debajo del valor pretendido inicialmente, cercano a 2.000 millones.<\/strong><\/p>\n\n\n\n<p>La compleja&nbsp;<strong>coyuntura socioecon\u00f3mica y pol\u00edtica&nbsp;<\/strong>del pa\u00eds viene dinamizando las posiciones competitivas relativas, sobre todo de los grandes jugadores de la alimentaci\u00f3n.<\/p>\n\n\n\n<p>Los n\u00fameros con los que lleg\u00f3 a este proceso, que&nbsp;<strong>ya se parece m\u00e1s a un redimensionamiento que a un retiro,&nbsp;<\/strong>muestran una ca\u00edda del volumen de ventas del 5% en el primer semestre respecto del a\u00f1o anterior, que se sum\u00f3 a las&nbsp;<strong>p\u00e9rdidas de 220 millones de d\u00f3lares<\/strong>&nbsp;del a\u00f1o anterior,&nbsp;<\/p>\n\n\n\n<p>Pero al mismo tiempo, en los \u00faltimos meses, por ejemplo,&nbsp;<strong>Carrefour fue desplazado del liderazgo que ejerc\u00eda en el rubro supermercados,&nbsp;<\/strong>al descender su participaci\u00f3n al 21,1% y&nbsp;<strong>ser superado por la cadena Coto, con un 22,3%<\/strong><\/p>\n\n\n\n<h3 class=\"wp-block-heading\"><strong>Proximidad<\/strong><\/h3>\n\n\n\n<p>Y en el medio del proceso de venta, iniciado formalmente en agosto, el grupo franc\u00e9s confirm\u00f3 la adquisici\u00f3n de&nbsp;<strong>Super A,<\/strong>&nbsp;con casi 20 autoservicios en Mendoza y alrededores, que integra a la marca&nbsp;<strong>Carrefour Express,<\/strong>&nbsp;e inaugur\u00f3&nbsp;<strong>una nueva sucursal en Neuqu\u00e9n,&nbsp;<\/strong>epicentro de&nbsp;<strong>Vaca Muerta.<\/strong><\/p>\n\n\n\n<p>Ese&nbsp;<strong>formato de proximidad, de entre 70 y 600 m\u00b2 por local,<\/strong>&nbsp;cuyo&nbsp;<strong>50% es operado por franquicias,<\/strong>&nbsp;y en el pa\u00eds se cuentan unas 460 tiendas, versus las 700 de toda la red nacional que lleva la marca Carrefour.<\/p>\n\n\n\n<p>Adem\u00e1s, lanz\u00f3 recientemente una iniciativa que va a contramano de lo que suele hacer una compa\u00f1\u00eda en retirada: una&nbsp;<strong>tarjeta prepaga virtual propia<\/strong>, que compite con<strong>&nbsp;Mercado Pago<\/strong>, y habilita a&nbsp;<strong>comprar en cualquier tienda del grupo en el mundo o comercios adheridos<\/strong><\/p>\n\n\n\n<p>Es emitida por el&nbsp;<strong>Banco de Servicios Financieros<\/strong>, una entidad muy pr\u00f3xima a Carrefour, que otorga las tarjetas&nbsp;<strong>bajo la red Mastercard.&nbsp;<\/strong><\/p>\n\n\n\n<p>FUENTE NA<\/p>\n","protected":false},"excerpt":{"rendered":"<p>&nbsp;Los clientes que van a los&nbsp;markets de Carrefourdejan huella visible sobre sus&nbsp;nuevos h\u00e1bitos de consumo,&nbsp;no s\u00f3lo en el&nbsp;ticket promedio&nbsp;(que en todo el primer trimestre de 2025 fue inferior a diciembre), sino en las entradas:&nbsp;sobran los changuitos grandes y escasean los m\u00e1s chicos, que hasta son esperados en las puertas para hacer posta. El&nbsp;indicador changuito de [&hellip;]<\/p>\n","protected":false},"author":2,"featured_media":50460,"comment_status":"closed","ping_status":"closed","sticky":false,"template":"","format":"standard","meta":{"footnotes":""},"categories":[44],"tags":[],"class_list":["post-50459","post","type-post","status-publish","format-standard","has-post-thumbnail","hentry","category-economia"],"_links":{"self":[{"href":"https:\/\/infoactual.com.ar\/index.php\/wp-json\/wp\/v2\/posts\/50459","targetHints":{"allow":["GET"]}}],"collection":[{"href":"https:\/\/infoactual.com.ar\/index.php\/wp-json\/wp\/v2\/posts"}],"about":[{"href":"https:\/\/infoactual.com.ar\/index.php\/wp-json\/wp\/v2\/types\/post"}],"author":[{"embeddable":true,"href":"https:\/\/infoactual.com.ar\/index.php\/wp-json\/wp\/v2\/users\/2"}],"replies":[{"embeddable":true,"href":"https:\/\/infoactual.com.ar\/index.php\/wp-json\/wp\/v2\/comments?post=50459"}],"version-history":[{"count":1,"href":"https:\/\/infoactual.com.ar\/index.php\/wp-json\/wp\/v2\/posts\/50459\/revisions"}],"predecessor-version":[{"id":50461,"href":"https:\/\/infoactual.com.ar\/index.php\/wp-json\/wp\/v2\/posts\/50459\/revisions\/50461"}],"wp:featuredmedia":[{"embeddable":true,"href":"https:\/\/infoactual.com.ar\/index.php\/wp-json\/wp\/v2\/media\/50460"}],"wp:attachment":[{"href":"https:\/\/infoactual.com.ar\/index.php\/wp-json\/wp\/v2\/media?parent=50459"}],"wp:term":[{"taxonomy":"category","embeddable":true,"href":"https:\/\/infoactual.com.ar\/index.php\/wp-json\/wp\/v2\/categories?post=50459"},{"taxonomy":"post_tag","embeddable":true,"href":"https:\/\/infoactual.com.ar\/index.php\/wp-json\/wp\/v2\/tags?post=50459"}],"curies":[{"name":"wp","href":"https:\/\/api.w.org\/{rel}","templated":true}]}}