{"id":50462,"date":"2025-10-10T22:17:49","date_gmt":"2025-10-11T01:17:49","guid":{"rendered":"https:\/\/infoactual.com.ar\/?p=50462"},"modified":"2025-10-10T22:17:50","modified_gmt":"2025-10-11T01:17:50","slug":"casi-300-mil-personas-pidieron-el-seguro-de-desempleo-desde-la-asuncion-de-javier-milei","status":"publish","type":"post","link":"https:\/\/infoactual.com.ar\/index.php\/2025\/10\/10\/casi-300-mil-personas-pidieron-el-seguro-de-desempleo-desde-la-asuncion-de-javier-milei\/","title":{"rendered":"Casi 300 mil personas pidieron el seguro de desempleo desde la asunci\u00f3n de Javier Milei"},"content":{"rendered":"\n<p>Sin contar a alrededor de 70 mil estatales, desde que asumi\u00f3 Javier Milei en diciembre de 2023&nbsp;<mark>casi 300 mil personas<\/mark>&nbsp;que&nbsp;<strong>trabajaban en el sector privado<\/strong>&nbsp;pidieron cobrar el seguro de desempleo en la Argentina, de acuerdo con cifras oficiales.<\/p>\n\n\n\n<p>El gobierno libertario lleva menos de dos a\u00f1os al frente del pa\u00eds.<\/p>\n\n\n\n<p>En 21 meses de gesti\u00f3n,&nbsp;<strong>286.391 empleados del sector privado<\/strong>&nbsp;cobraron la Prestaci\u00f3n por Desempleo, ya que fueron despedidos sin causa atribuible al trabajador.<\/p>\n\n\n\n<p>Gran parte de los despidos fueron por f<mark>alta de trabajo o ajustes en las empresas privadas.<\/mark><\/p>\n\n\n\n<p>De ese total,&nbsp;<strong>174.335 se produjeron durante 2024 y 112.056 en los primeros 9 meses de 2025<\/strong>.<\/p>\n\n\n\n<p>Qu\u00e9 ocurri\u00f3 este a\u00f1o<\/p>\n\n\n\n<p>En lo que va de 2025, ya hubo 112.056 pedidos de seguro de desempleo, seg\u00fan el siguiente desagregado: c<\/p>\n\n\n\n<ul class=\"wp-block-list\">\n<li><strong>26.060 correspondieron a la industria manufacturera.<\/strong><\/li>\n\n\n\n<li><strong>23.098 al comercio.<\/strong><\/li>\n\n\n\n<li><strong>18.776 a la construcci\u00f3n.\u00a0<\/strong><\/li>\n\n\n\n<li><strong>12.228 a actividades administrativas.<\/strong><\/li>\n\n\n\n<li><strong>5.447 de servicio de comida y alojamiento.<\/strong><\/li>\n\n\n\n<li><strong>5.117 de transporte, entre otros.<\/strong><\/li>\n<\/ul>\n\n\n\n<p>C\u00f3mo funciona el seguro de desempleo.<\/p>\n\n\n\n<p><strong>El seguro de desempleo es temporal (hasta 12 meses).<\/strong><\/p>\n\n\n\n<p>Este beneficio econ\u00f3mico apoya a trabajadores despedidos sin causa justificada y busca garantizar un ingreso temporal mientras buscan un nuevo empleo.&nbsp;<\/p>\n\n\n\n<p>El monto var\u00eda seg\u00fan el historial laboral y los aportes previos, con valores que oscilan entre el 50% y el 100% del Salario M\u00ednimo, Vital y M\u00f3vil.<\/p>\n\n\n\n<p>En octubre de 2025,&nbsp;<strong>el salario m\u00ednimo es de 322.200 pesos para quienes cumplen la jornada completa de 48 horas semanales<\/strong>, y de 1.610 pesos la hora para trabajadores jornalizados.&nbsp;<\/p>\n\n\n\n<p>El importe correspondiente a empleos de tiempo parcial o jornadas menores se determina&nbsp;<strong>de manera proporcional<\/strong>, siguiendo los criterios definidos en la normativa vigente.&nbsp;<\/p>\n\n\n\n<p>La cifra oficial se utiliza tambi\u00e9n como referencia para la determinaci\u00f3n de las&nbsp;<strong>condiciones m\u00ednimas de contrataci\u00f3n<\/strong>&nbsp;en distintas actividades y convenios colectivos del sector privado.<\/p>\n\n\n\n<p><em><u>La ANSES estableci\u00f3 que el cobro m\u00ednimo asciende a $161.100, mientras que el m\u00e1ximo alcanza los $322.200.&nbsp;<\/u><\/em><\/p>\n\n\n\n<p>Estos montos se calculan sobre la base del&nbsp;<strong>75% de la mejor remuneraci\u00f3n percibida durante los \u00faltimos seis meses de trabajo.&nbsp;<\/strong><\/p>\n\n\n\n<p>La prestaci\u00f3n se abona a trav\u00e9s de una&nbsp;<strong>Caja de Ahorro de la Seguridad Social<\/strong>, sin costos adicionales para el beneficiario.<\/p>\n\n\n\n<p>Las prestaciones de ANSES aumentaron 1,88% en octubre, de acuerdo con el dato de inflaci\u00f3n del INDEC correspondiente a agosto.<\/p>\n\n\n\n<p>El 8 de octubre se inici\u00f3 el calendario de pagos, y estas prestaciones ser\u00e1n las primeras en recibir los dep\u00f3sitos.<\/p>\n\n\n\n<p>Qu\u00e9 ocurri\u00f3 en septiembre<br>&nbsp;<\/p>\n\n\n\n<p>En el noveno mes del a\u00f1o percibieron la prestaci\u00f3n por desempleo 100.344 personas, con un pago promedio de $274.324. De ese total, 69.303 eran varones y 31.041 mujeres.<\/p>\n\n\n\n<p>Resid\u00edan 42.090 en la Provincia de Buenos Aires; en Santa Fe, 7.451; en C\u00f3rdoba, 7.416 y en CABA, 6.454.<\/p>\n\n\n\n<p>Requisitos para cobrar el seguro de desempleo<\/p>\n\n\n\n<p>Tienen derecho a esta prestaci\u00f3n los despedidos sin justa causa, por finalizaci\u00f3n de contrato, o por causas externas al trabajador que estuvo en relaci\u00f3n de dependencia comprendido en la ley 24.013 de Contrato de Trabajo.<\/p>\n\n\n\n<p>Mientras cobran este seguro -de hasta 12 meses- perciben tambi\u00e9n las asignaciones familiares y contin\u00faan con la cobertura de la obra social a la que est\u00e1n afiliados.&nbsp;<\/p>\n\n\n\n<p>Y los meses del cobro de la prestaci\u00f3n se computan como antig\u00fcedad para la jubilaci\u00f3n o pensi\u00f3n.<\/p>\n\n\n\n<p>Un requisito importante es haber tenido al menos 6 meses de trabajo con aportes en los \u00faltimos 3 a\u00f1os anteriores al despido o finalizaci\u00f3n del contrato.<\/p>\n\n\n\n<p>En el caso del trabajador eventual o de temporada, el requisito es haber trabajado menos de 12 meses en los \u00faltimos 3 a\u00f1os y m\u00e1s de 90 d\u00edas en el \u00faltimo a\u00f1o, antes de la finalizaci\u00f3n del trabajo.<\/p>\n\n\n\n<p>El monto y la cantidad de cuotas (entre 2 y 12) se calculan seg\u00fan los ingresos y meses trabajados (con aportes) durante los \u00faltimos 3 a\u00f1os.&nbsp;<\/p>\n\n\n\n<p>Los mayores de 45 a\u00f1os cobran durante 6 meses m\u00e1s, es decir, 18.<\/p>\n\n\n\n<p>En 2023, el Consejo del Salario M\u00ednimo dispuso que la prestaci\u00f3n por desempleo debe ser equivalente al 75% de la mejor remuneraci\u00f3n mensual, normal y habitual del trabajador en los 6 meses anteriores al cese laboral que provoc\u00f3 el desempleo.<\/p>\n\n\n\n<p>Pero la Resoluci\u00f3n del Consejo aclar\u00f3 que \u201cen ning\u00fan caso la prestaci\u00f3n mensual podr\u00e1 ser inferior al 50% del Salario M\u00ednimo Vital y M\u00f3vil vigente ni superior al 100%\u00bb. Este techo anula en la pr\u00e1ctica la equivalencia del 75% de la mejor remuneraci\u00f3n de los \u00faltimos 6 meses anteriores al despido.<\/p>\n\n\n\n<p>No tienen derecho a esta Prestaci\u00f3n, los empleados de la Administraci\u00f3n P\u00fablica Nacional, Provincial y Municipal.<\/p>\n\n\n\n<p>C\u00f3mo y d\u00f3nde tramitar el seguro de desempleo<\/p>\n\n\n\n<p>Para tramitar la prestaci\u00f3n de desempleo, primero hay que reunir distintos documentos.&nbsp;<\/p>\n\n\n\n<p>Adem\u00e1s del DNI (original y una copia), es necesario presentar documentaci\u00f3n que acredite el desempleo (original y una copia), que puede ser:<\/p>\n\n\n\n<p>FUENTE NA<\/p>\n","protected":false},"excerpt":{"rendered":"<p>Sin contar a alrededor de 70 mil estatales, desde que asumi\u00f3 Javier Milei en diciembre de 2023&nbsp;casi 300 mil personas&nbsp;que&nbsp;trabajaban en el sector privado&nbsp;pidieron cobrar el seguro de desempleo en la Argentina, de acuerdo con cifras oficiales. El gobierno libertario lleva menos de dos a\u00f1os al frente del pa\u00eds. En 21 meses de gesti\u00f3n,&nbsp;286.391 empleados [&hellip;]<\/p>\n","protected":false},"author":2,"featured_media":50463,"comment_status":"closed","ping_status":"closed","sticky":false,"template":"","format":"standard","meta":{"footnotes":""},"categories":[56,44],"tags":[],"class_list":["post-50462","post","type-post","status-publish","format-standard","has-post-thumbnail","hentry","category-destacada","category-economia"],"_links":{"self":[{"href":"https:\/\/infoactual.com.ar\/index.php\/wp-json\/wp\/v2\/posts\/50462","targetHints":{"allow":["GET"]}}],"collection":[{"href":"https:\/\/infoactual.com.ar\/index.php\/wp-json\/wp\/v2\/posts"}],"about":[{"href":"https:\/\/infoactual.com.ar\/index.php\/wp-json\/wp\/v2\/types\/post"}],"author":[{"embeddable":true,"href":"https:\/\/infoactual.com.ar\/index.php\/wp-json\/wp\/v2\/users\/2"}],"replies":[{"embeddable":true,"href":"https:\/\/infoactual.com.ar\/index.php\/wp-json\/wp\/v2\/comments?post=50462"}],"version-history":[{"count":1,"href":"https:\/\/infoactual.com.ar\/index.php\/wp-json\/wp\/v2\/posts\/50462\/revisions"}],"predecessor-version":[{"id":50464,"href":"https:\/\/infoactual.com.ar\/index.php\/wp-json\/wp\/v2\/posts\/50462\/revisions\/50464"}],"wp:featuredmedia":[{"embeddable":true,"href":"https:\/\/infoactual.com.ar\/index.php\/wp-json\/wp\/v2\/media\/50463"}],"wp:attachment":[{"href":"https:\/\/infoactual.com.ar\/index.php\/wp-json\/wp\/v2\/media?parent=50462"}],"wp:term":[{"taxonomy":"category","embeddable":true,"href":"https:\/\/infoactual.com.ar\/index.php\/wp-json\/wp\/v2\/categories?post=50462"},{"taxonomy":"post_tag","embeddable":true,"href":"https:\/\/infoactual.com.ar\/index.php\/wp-json\/wp\/v2\/tags?post=50462"}],"curies":[{"name":"wp","href":"https:\/\/api.w.org\/{rel}","templated":true}]}}