{"id":50478,"date":"2025-10-13T08:19:51","date_gmt":"2025-10-13T11:19:51","guid":{"rendered":"https:\/\/infoactual.com.ar\/?p=50478"},"modified":"2025-10-13T08:19:51","modified_gmt":"2025-10-13T11:19:51","slug":"a-diez-dias-de-las-elecciones-el-empresariado-de-idea-debatira-las-reformas-claves-pendientes","status":"publish","type":"post","link":"https:\/\/infoactual.com.ar\/index.php\/2025\/10\/13\/a-diez-dias-de-las-elecciones-el-empresariado-de-idea-debatira-las-reformas-claves-pendientes\/","title":{"rendered":"A diez d\u00edas de las elecciones, el empresariado de IDEA debatir\u00e1 las reformas claves pendientes"},"content":{"rendered":"\n<p>A poco m\u00e1s de una semana de las cruciales&nbsp;<strong>elecciones legislativas del 26 de octubre<\/strong>, el empresariado debatir\u00e1 a partir de este mi\u00e9rcoles sobre las&nbsp;<strong>reformas estructurales<\/strong>&nbsp;que deber\u00eda encarar el pa\u00eds, y les ofrecer\u00e1 al gobierno nacional y a gobernadores la posibilidad de presentar sus propuestas, en medio de una fuerte controversia pol\u00edtica de cara a los comicios.<\/p>\n\n\n\n<p>Ser\u00e1 en el marco del&nbsp;<strong>61\u00ba Coloquio de IDEA,&nbsp;<\/strong>que se desarrollar\u00e1 del&nbsp;<strong>15 al 17 de octubre en Mar del Plata<\/strong>, que cuenta con m\u00e1s de un millar de inscriptos y una habitual extensa lista de espera que demuestra el inter\u00e9s por participar del evento, donde hablar\u00e1n el presidente Javier Milei y el ministro de Econom\u00eda, Luis Caputo, aunque en este \u00faltimo caso por v\u00eda virtual.<\/p>\n\n\n\n<p>Es que por esos d\u00edas, Caputo estar\u00e1 en Washington en la Reuni\u00f3n Anual del Fondo Monetario Internacional.&nbsp;<\/p>\n\n\n\n<p>Asimismo, se anuncia la presencia del ministro de Modernizaci\u00f3n, Federico Sturzenegger.<\/p>\n\n\n\n<p>El Coloquio se desarrollar\u00e1 bajo el lema&nbsp;<strong>\u201cJuega Argentina: competir, producir, innovar\u201d,<\/strong>&nbsp;ejes tem\u00e1ticos que se discutir\u00e1n durante las tres jornadas en el Sheraton Hotel de Mar del Plata.<\/p>\n\n\n\n<p>Dentro de ese conjunto, las reformas laborales e impositivas estar\u00e1n en el centro del debate, debido a que se han identificado como los principales problemas para al desarrollo productivo del pa\u00eds.<\/p>\n\n\n\n<p>Qu\u00e9 dicen los directivos de IDEA<\/p>\n\n\n\n<p><mark>Santiago Mignone, presidente de IDEA,&nbsp;<\/mark>subray\u00f3 que \u201csi bien las empresas deben ganar competitividad en sus procesos internos, es importante que el Estado se involucre en temas clave como el impositivo\u201d.<\/p>\n\n\n\n<p><strong>\u201cTodo lo que proponemos no debe poner en juego el equilibrio fiscal, otra condici\u00f3n que consideramos necesaria, aunque no es suficiente\u201d<\/strong>, explic\u00f3 Mignone.<\/p>\n\n\n\n<p><em>Santiago Mignone, presidente de IDEA.<\/em><\/p>\n\n\n\n<p>fuente NA<\/p>\n","protected":false},"excerpt":{"rendered":"<p>A poco m\u00e1s de una semana de las cruciales&nbsp;elecciones legislativas del 26 de octubre, el empresariado debatir\u00e1 a partir de este mi\u00e9rcoles sobre las&nbsp;reformas estructurales&nbsp;que deber\u00eda encarar el pa\u00eds, y les ofrecer\u00e1 al gobierno nacional y a gobernadores la posibilidad de presentar sus propuestas, en medio de una fuerte controversia pol\u00edtica de cara a los [&hellip;]<\/p>\n","protected":false},"author":2,"featured_media":50479,"comment_status":"closed","ping_status":"closed","sticky":false,"template":"","format":"standard","meta":{"footnotes":""},"categories":[56,44],"tags":[],"class_list":["post-50478","post","type-post","status-publish","format-standard","has-post-thumbnail","hentry","category-destacada","category-economia"],"_links":{"self":[{"href":"https:\/\/infoactual.com.ar\/index.php\/wp-json\/wp\/v2\/posts\/50478","targetHints":{"allow":["GET"]}}],"collection":[{"href":"https:\/\/infoactual.com.ar\/index.php\/wp-json\/wp\/v2\/posts"}],"about":[{"href":"https:\/\/infoactual.com.ar\/index.php\/wp-json\/wp\/v2\/types\/post"}],"author":[{"embeddable":true,"href":"https:\/\/infoactual.com.ar\/index.php\/wp-json\/wp\/v2\/users\/2"}],"replies":[{"embeddable":true,"href":"https:\/\/infoactual.com.ar\/index.php\/wp-json\/wp\/v2\/comments?post=50478"}],"version-history":[{"count":1,"href":"https:\/\/infoactual.com.ar\/index.php\/wp-json\/wp\/v2\/posts\/50478\/revisions"}],"predecessor-version":[{"id":50480,"href":"https:\/\/infoactual.com.ar\/index.php\/wp-json\/wp\/v2\/posts\/50478\/revisions\/50480"}],"wp:featuredmedia":[{"embeddable":true,"href":"https:\/\/infoactual.com.ar\/index.php\/wp-json\/wp\/v2\/media\/50479"}],"wp:attachment":[{"href":"https:\/\/infoactual.com.ar\/index.php\/wp-json\/wp\/v2\/media?parent=50478"}],"wp:term":[{"taxonomy":"category","embeddable":true,"href":"https:\/\/infoactual.com.ar\/index.php\/wp-json\/wp\/v2\/categories?post=50478"},{"taxonomy":"post_tag","embeddable":true,"href":"https:\/\/infoactual.com.ar\/index.php\/wp-json\/wp\/v2\/tags?post=50478"}],"curies":[{"name":"wp","href":"https:\/\/api.w.org\/{rel}","templated":true}]}}