{"id":50620,"date":"2025-10-17T12:00:18","date_gmt":"2025-10-17T15:00:18","guid":{"rendered":"https:\/\/infoactual.com.ar\/?p=50620"},"modified":"2025-10-17T12:00:19","modified_gmt":"2025-10-17T15:00:19","slug":"gobernadores-piden-reflotar-el-pacto-de-mayo","status":"publish","type":"post","link":"https:\/\/infoactual.com.ar\/index.php\/2025\/10\/17\/gobernadores-piden-reflotar-el-pacto-de-mayo\/","title":{"rendered":"Gobernadores piden reflotar el Pacto de Mayo"},"content":{"rendered":"\n<p><strong>Gobernadores aliados al oficialismo nacional remarcaron que luego de las elecciones del 26 de octubre el presidente Javier Milei deber\u00e1 ampliar su base pol\u00edtica para avanzar en las reformas estructurales que demanda la actual coyuntura econ\u00f3mica.<\/strong><\/p>\n\n\n\n<p>En ese sentido se manifestaron los mandatarios de Mendoza, Alfredo Cornejo; de Entre R\u00edos, Rogelio Frigerio; y de Chaco, Leandro Zdero, quienes participaron este viernes durante la tercera jornada del 61\u00b0 Coloquio de IDEA que se desarrolla en Mar del Plata.<\/p>\n\n\n\n<p>La voz de los gobernadores se sum\u00f3 la expresi\u00f3n que en el mismo sentido formul\u00f3 en las \u00faltimas horas el expresidente, Mauricio Macri.<\/p>\n\n\n\n<p>Dentro de ese marco, se apunt\u00f3 a reflotar el Pacto de Mayo que fue firmado por 18 mandatarios y lograr el di\u00e1logo necesario para recuperar la base de sustentaci\u00f3n pol\u00edtica con el cual se pudo aprobar la Ley Bases.<\/p>\n\n\n\n<p>Al igual que sus pares que disertaron el jueves \u2013Ignacio Torres, Chubut, y Mart\u00edn Llaryora, C\u00f3rdoba- los tres gobernadores hablaron en esta jornada pusieron el acento en las reformas tributaria y laboral.<\/p>\n\n\n\n<p>\u201cLa Argentina tiene un esquema impositivo que no promueve el empleo, sino que lo desincentiva, no promueve la inversi\u00f3n, ni tampoco las exportaciones\u201d, marc\u00f3 Cornejo.<\/p>\n\n\n\n<p>El mendocino afirm\u00f3 que \u201csolo con el equilibrio fiscal no alcanza, sino hay que ir con una reforma integral\u201d, aunque admiti\u00f3 que \u201ces f\u00e1cil decirlo pero dif\u00edcil hacerlo\u201d. En ese sentido apunt\u00f3 que \u201chay que hacer un trabajo desde el lado del gasto\u201d para luego alcanzar esos objetivos.<\/p>\n\n\n\n<p>Cornejo puntualiz\u00f3 que no solo ingresos brutos es un impuesto distorsivo y sum\u00f3 a la lista al impuesto al cheque, sellos y retenciones.<\/p>\n\n\n\n<p>Al mismo, tiempo sostuvo que \u201cuna reforma fiscal debe estar\u00e1 atada a una reforma de la coparticipaci\u00f3n\u201d porque \u201chay correlaci\u00f3n directa entre mayor ingresos brutos y menor porcentaje de distribuci\u00f3n de coparticipaci\u00f3n\u201d, a la vez que a\u00f1adi\u00f3 que \u201ccuanto m\u00e1s recibe una provincia de coparticipaci\u00f3n m\u00e1s empleo p\u00fablico tiene.<\/p>\n\n\n\n<p>Tambi\u00e9n remarc\u00f3 que las reformas estructurales que necesita el pa\u00eds forman el Pacto de Mayo que fue firmado por 18 gobernadores, por lo que consider\u00f3 que hay margen para construir el consenso necesario.<\/p>\n\n\n\n<p>\u201cLo \u00f3ptimo es que se vuelva al plaf\u00f3n que se logr\u00f3 cuando se aprob\u00f3 la ley bases\u201d dijo Cornejo y se\u00f1al\u00f3 que \u201cese panorama desmejor\u00f3 en los \u00faltimos meses por los temas electorales\u201d.<\/p>\n\n\n\n<p>El jefe provincial cuyano afirm\u00f3 que un \u201cespaldarazo en las urnas\u201d para el gobierno de Milei tiene que ser utilizado para \u201campliar su base de apoyo\u201d.<\/p>\n\n\n\n<p>A su turno, Frigerio destac\u00f3 que \u201cya hay un cambio de paradigma porque hay muchas provincias que ya iniciaron el proceso de baja de impuestos\u201d.<\/p>\n\n\n\n<p>Asimsimo, se sum\u00f3 al pedido de un trabajo conjunto para lograr un nuevo \u201cpacto social\u201d para llevar adelante las reformas que, a su juicio, \u201cla gente ya las considera necesarias\u201d.<\/p>\n\n\n\n<p>Por su parte, Zdero afirm\u00f3 que \u201cviene una etapa importante, que tiene que ser de mucho di\u00e1logo para encontrar consensos, para que todo el pa\u00eds encuentre el camino del desarrollo\u201d e insisti\u00f3 en la necesidad de un pacto social amplio.<\/p>\n\n\n\n<p>fuente NA<\/p>\n","protected":false},"excerpt":{"rendered":"<p>Gobernadores aliados al oficialismo nacional remarcaron que luego de las elecciones del 26 de octubre el presidente Javier Milei deber\u00e1 ampliar su base pol\u00edtica para avanzar en las reformas estructurales que demanda la actual coyuntura econ\u00f3mica. En ese sentido se manifestaron los mandatarios de Mendoza, Alfredo Cornejo; de Entre R\u00edos, Rogelio Frigerio; y de Chaco, [&hellip;]<\/p>\n","protected":false},"author":2,"featured_media":50621,"comment_status":"closed","ping_status":"closed","sticky":false,"template":"","format":"standard","meta":{"footnotes":""},"categories":[56,44],"tags":[],"class_list":["post-50620","post","type-post","status-publish","format-standard","has-post-thumbnail","hentry","category-destacada","category-economia"],"_links":{"self":[{"href":"https:\/\/infoactual.com.ar\/index.php\/wp-json\/wp\/v2\/posts\/50620","targetHints":{"allow":["GET"]}}],"collection":[{"href":"https:\/\/infoactual.com.ar\/index.php\/wp-json\/wp\/v2\/posts"}],"about":[{"href":"https:\/\/infoactual.com.ar\/index.php\/wp-json\/wp\/v2\/types\/post"}],"author":[{"embeddable":true,"href":"https:\/\/infoactual.com.ar\/index.php\/wp-json\/wp\/v2\/users\/2"}],"replies":[{"embeddable":true,"href":"https:\/\/infoactual.com.ar\/index.php\/wp-json\/wp\/v2\/comments?post=50620"}],"version-history":[{"count":1,"href":"https:\/\/infoactual.com.ar\/index.php\/wp-json\/wp\/v2\/posts\/50620\/revisions"}],"predecessor-version":[{"id":50622,"href":"https:\/\/infoactual.com.ar\/index.php\/wp-json\/wp\/v2\/posts\/50620\/revisions\/50622"}],"wp:featuredmedia":[{"embeddable":true,"href":"https:\/\/infoactual.com.ar\/index.php\/wp-json\/wp\/v2\/media\/50621"}],"wp:attachment":[{"href":"https:\/\/infoactual.com.ar\/index.php\/wp-json\/wp\/v2\/media?parent=50620"}],"wp:term":[{"taxonomy":"category","embeddable":true,"href":"https:\/\/infoactual.com.ar\/index.php\/wp-json\/wp\/v2\/categories?post=50620"},{"taxonomy":"post_tag","embeddable":true,"href":"https:\/\/infoactual.com.ar\/index.php\/wp-json\/wp\/v2\/tags?post=50620"}],"curies":[{"name":"wp","href":"https:\/\/api.w.org\/{rel}","templated":true}]}}