{"id":50962,"date":"2025-10-29T11:33:39","date_gmt":"2025-10-29T14:33:39","guid":{"rendered":"https:\/\/infoactual.com.ar\/?p=50962"},"modified":"2025-10-31T15:13:33","modified_gmt":"2025-10-31T18:13:33","slug":"que-era-skf-argentina-el-gigante-sueco-que-se-instalo-en-1917-y-se-va-tras-la-victoria-de-javier-milei","status":"publish","type":"post","link":"https:\/\/infoactual.com.ar\/index.php\/2025\/10\/29\/que-era-skf-argentina-el-gigante-sueco-que-se-instalo-en-1917-y-se-va-tras-la-victoria-de-javier-milei\/","title":{"rendered":"Qu\u00e9 era SKF Argentina, el gigante sueco que se instal\u00f3 en 1917 y se va tras la victoria de Javier Milei"},"content":{"rendered":"\n<p>La decisi\u00f3n se conoce en el marco de la pol\u00edtica de apertura de importaciones del gobierno de Javier Milei. La empresa, que operaba en Argentina desde 1917,&nbsp;<strong>se reconvertir\u00e1 en una importadora<\/strong>&nbsp;de sus propios productos, que ahora traer\u00e1 desde Brasil.<\/p>\n\n\n\n<p>El secretario general de la UOM, Abel Furl\u00e1n, lament\u00f3 la decisi\u00f3n: \u00abMientras el mundo cuida su producci\u00f3n, Argentina abre sus puertas a todo lo importado.&nbsp;<strong>SKF se va a reconvertir en importadora y perdemos puestos de trabajo<\/strong>\u00ab.<\/p>\n\n\n\n<p>La empresa, por su parte, lo atribuy\u00f3 a una \u00abreestructuraci\u00f3n global\u00bb para \u00abasegurar nuestra competitividad\u00bb.<\/p>\n\n\n\n<h4 class=\"wp-block-heading\"><strong>Qu\u00e9 era SKF: el foco en su producci\u00f3n<\/strong><\/h4>\n\n\n\n<p>SKF no era solo una f\u00e1brica de rodamientos. Con 650 empleados y dos plantas (Tortuguitas y Rosario), la compa\u00f1\u00eda era un proveedor integral para la industria y el mercado automotriz.<\/p>\n\n\n\n<p>Se instal\u00f3 en Argentina en&nbsp;<strong>1917<\/strong>, solo diez a\u00f1os despu\u00e9s de su fundaci\u00f3n en Suecia, y en 1972 comenz\u00f3 su fabricaci\u00f3n local. En 2015, hab\u00eda inaugurado un moderno edificio corporativo y un \u00abCentro de Soluciones (Solution Factory)\u00bb para la producci\u00f3n de sellos mecanizados en Tortuguitas.<\/p>\n\n\n\n<p>SKF ofrec\u00eda soluciones integrales de mantenimiento industrial y prove\u00eda a sectores clave como la&nbsp;<strong>automotriz, aeroespacial, energ\u00edas renovables, naval y de semiconductores<\/strong>.<\/p>\n\n\n\n<p>Su oferta se divid\u00eda en dos grandes \u00e1reas:<\/p>\n\n\n\n<ul class=\"wp-block-list\">\n<li><strong>Mercado Industrial<\/strong>\n<ul class=\"wp-block-list\">\n<li>Rodamientos de todo tipo (a r\u00f3tula, cil\u00edndricos, de bolas, de alta precisi\u00f3n)<\/li>\n\n\n\n<li>Sellos y obturaciones<\/li>\n\n\n\n<li>Sistemas y soluciones de lubricaci\u00f3n<\/li>\n\n\n\n<li>Mecatr\u00f3nica<\/li>\n\n\n\n<li>Herramientas de mantenimiento y equipos de monitoreo de condici\u00f3n<\/li>\n\n\n\n<li>Productos de transmisi\u00f3n de potencia<\/li>\n<\/ul>\n<\/li>\n\n\n\n<li><strong>Mercado Automotriz (Liviano y Pesado)<\/strong>\n<ul class=\"wp-block-list\">\n<li>Kits de distribuci\u00f3n (correas y tensores)<\/li>\n\n\n\n<li>Bombas de agua<\/li>\n\n\n\n<li>Crucetas, semiejes y juntas homocin\u00e9ticas (CV joints)<\/li>\n\n\n\n<li>Rodamientos de rueda (rulemanes)<\/li>\n\n\n\n<li>Crapodinas y actuadores hidr\u00e1ulicos<\/li>\n\n\n\n<li>Grasas y retenes<\/li>\n<\/ul>\n<\/li>\n<\/ul>\n\n\n\n<h4 class=\"wp-block-heading\"><strong>El contexto del cierre<\/strong><\/h4>\n\n\n\n<p>El cierre se da en un contexto cr\u00edtico para la industria local. Seg\u00fan la Asociaci\u00f3n de Industriales Metal\u00fargicos (ADIMRA),&nbsp;<strong>la producci\u00f3n cay\u00f3 5,2% interanual en septiembre<\/strong>&nbsp;y las importaciones alcanzaron \u00abporcentajes hist\u00f3ricos r\u00e9cord\u00bb.<\/p>\n\n\n\n<p>Un obrero de la firma difundi\u00f3 una carta donde asegura que la empresa no est\u00e1 en crisis (factur\u00f3 9.300 millones de d\u00f3lares en 2024), sino que aplica \u00abuna pol\u00edtica deliberada de ajuste patronal y reconversi\u00f3n industrial\u00bb para trasladar operaciones a pa\u00edses con menores costos laborales.<\/p>\n\n\n\n<p>fuente NA<\/p>\n","protected":false},"excerpt":{"rendered":"<p>La decisi\u00f3n se conoce en el marco de la pol\u00edtica de apertura de importaciones del gobierno de Javier Milei. La empresa, que operaba en Argentina desde 1917,&nbsp;se reconvertir\u00e1 en una importadora&nbsp;de sus propios productos, que ahora traer\u00e1 desde Brasil. El secretario general de la UOM, Abel Furl\u00e1n, lament\u00f3 la decisi\u00f3n: \u00abMientras el mundo cuida su [&hellip;]<\/p>\n","protected":false},"author":2,"featured_media":50963,"comment_status":"closed","ping_status":"closed","sticky":false,"template":"","format":"standard","meta":{"footnotes":""},"categories":[56,51],"tags":[],"class_list":["post-50962","post","type-post","status-publish","format-standard","has-post-thumbnail","hentry","category-destacada","category-provincias"],"_links":{"self":[{"href":"https:\/\/infoactual.com.ar\/index.php\/wp-json\/wp\/v2\/posts\/50962","targetHints":{"allow":["GET"]}}],"collection":[{"href":"https:\/\/infoactual.com.ar\/index.php\/wp-json\/wp\/v2\/posts"}],"about":[{"href":"https:\/\/infoactual.com.ar\/index.php\/wp-json\/wp\/v2\/types\/post"}],"author":[{"embeddable":true,"href":"https:\/\/infoactual.com.ar\/index.php\/wp-json\/wp\/v2\/users\/2"}],"replies":[{"embeddable":true,"href":"https:\/\/infoactual.com.ar\/index.php\/wp-json\/wp\/v2\/comments?post=50962"}],"version-history":[{"count":1,"href":"https:\/\/infoactual.com.ar\/index.php\/wp-json\/wp\/v2\/posts\/50962\/revisions"}],"predecessor-version":[{"id":50964,"href":"https:\/\/infoactual.com.ar\/index.php\/wp-json\/wp\/v2\/posts\/50962\/revisions\/50964"}],"wp:featuredmedia":[{"embeddable":true,"href":"https:\/\/infoactual.com.ar\/index.php\/wp-json\/wp\/v2\/media\/50963"}],"wp:attachment":[{"href":"https:\/\/infoactual.com.ar\/index.php\/wp-json\/wp\/v2\/media?parent=50962"}],"wp:term":[{"taxonomy":"category","embeddable":true,"href":"https:\/\/infoactual.com.ar\/index.php\/wp-json\/wp\/v2\/categories?post=50962"},{"taxonomy":"post_tag","embeddable":true,"href":"https:\/\/infoactual.com.ar\/index.php\/wp-json\/wp\/v2\/tags?post=50962"}],"curies":[{"name":"wp","href":"https:\/\/api.w.org\/{rel}","templated":true}]}}