{"id":51008,"date":"2025-10-16T07:48:00","date_gmt":"2025-10-16T10:48:00","guid":{"rendered":"https:\/\/infoactual.com.ar\/?p=51008"},"modified":"2025-10-30T19:48:51","modified_gmt":"2025-10-30T22:48:51","slug":"la-encuesta-que-preocupa-a-milei-en-la-madre-de-todas-las-batallas","status":"publish","type":"post","link":"https:\/\/infoactual.com.ar\/index.php\/2025\/10\/16\/la-encuesta-que-preocupa-a-milei-en-la-madre-de-todas-las-batallas\/","title":{"rendered":"La encuesta que preocupa a Milei en \u00abla madre de todas las batallas\u00bb"},"content":{"rendered":"\n<p>El estudio, realizado sobre 2.759 casos, posiciona a\u00a0<strong>Taiana con un 43,1% de intenci\u00f3n de voto<\/strong>, mientras que la\u00a0<strong>f\u00f3rmula libertaria alcanza el 28,3%<\/strong>. Esta diferencia en el distrito m\u00e1s poblado del pa\u00eds, considerado \u00abla madre de todas las batallas\u00bb electorales, representa un escenario de preocupaci\u00f3n para el oficialismo, que busca consolidar su poder en el Congreso.<\/p>\n\n\n\n<p>En un lejano tercer lugar se ubica Nicol\u00e1s del Ca\u00f1o, del Frente de Izquierda, con un 4,1%, seguido por Florencio Randazzo (Provincias Unidas) con un 3,3%. El sondeo tambi\u00e9n refleja un alto porcentaje de indecisos, que llega al 10,6%, un sector clave que ambos espacios buscar\u00e1n captar en el tramo final de la campa\u00f1a.<\/p>\n\n\n\n<p>Este panorama adverso para el oficialismo en la provincia de Buenos Aires se suma a otras encuestas que marcan un desgaste en la imagen del presidente y una creciente preocupaci\u00f3n por la situaci\u00f3n econ\u00f3mica.<\/p>\n","protected":false},"excerpt":{"rendered":"<p>El estudio, realizado sobre 2.759 casos, posiciona a\u00a0Taiana con un 43,1% de intenci\u00f3n de voto, mientras que la\u00a0f\u00f3rmula libertaria alcanza el 28,3%. Esta diferencia en el distrito m\u00e1s poblado del pa\u00eds, considerado \u00abla madre de todas las batallas\u00bb electorales, representa un escenario de preocupaci\u00f3n para el oficialismo, que busca consolidar su poder en el Congreso. [&hellip;]<\/p>\n","protected":false},"author":2,"featured_media":51009,"comment_status":"closed","ping_status":"closed","sticky":false,"template":"","format":"standard","meta":{"footnotes":""},"categories":[56,43],"tags":[],"class_list":["post-51008","post","type-post","status-publish","format-standard","has-post-thumbnail","hentry","category-destacada","category-politica"],"_links":{"self":[{"href":"https:\/\/infoactual.com.ar\/index.php\/wp-json\/wp\/v2\/posts\/51008","targetHints":{"allow":["GET"]}}],"collection":[{"href":"https:\/\/infoactual.com.ar\/index.php\/wp-json\/wp\/v2\/posts"}],"about":[{"href":"https:\/\/infoactual.com.ar\/index.php\/wp-json\/wp\/v2\/types\/post"}],"author":[{"embeddable":true,"href":"https:\/\/infoactual.com.ar\/index.php\/wp-json\/wp\/v2\/users\/2"}],"replies":[{"embeddable":true,"href":"https:\/\/infoactual.com.ar\/index.php\/wp-json\/wp\/v2\/comments?post=51008"}],"version-history":[{"count":1,"href":"https:\/\/infoactual.com.ar\/index.php\/wp-json\/wp\/v2\/posts\/51008\/revisions"}],"predecessor-version":[{"id":51010,"href":"https:\/\/infoactual.com.ar\/index.php\/wp-json\/wp\/v2\/posts\/51008\/revisions\/51010"}],"wp:featuredmedia":[{"embeddable":true,"href":"https:\/\/infoactual.com.ar\/index.php\/wp-json\/wp\/v2\/media\/51009"}],"wp:attachment":[{"href":"https:\/\/infoactual.com.ar\/index.php\/wp-json\/wp\/v2\/media?parent=51008"}],"wp:term":[{"taxonomy":"category","embeddable":true,"href":"https:\/\/infoactual.com.ar\/index.php\/wp-json\/wp\/v2\/categories?post=51008"},{"taxonomy":"post_tag","embeddable":true,"href":"https:\/\/infoactual.com.ar\/index.php\/wp-json\/wp\/v2\/tags?post=51008"}],"curies":[{"name":"wp","href":"https:\/\/api.w.org\/{rel}","templated":true}]}}