{"id":51076,"date":"2025-09-16T11:50:00","date_gmt":"2025-09-16T14:50:00","guid":{"rendered":"https:\/\/infoactual.com.ar\/?p=51076"},"modified":"2025-10-31T11:54:08","modified_gmt":"2025-10-31T14:54:08","slug":"quienes-tienen-feriado-hoy-martes-16-de-septiembre","status":"publish","type":"post","link":"https:\/\/infoactual.com.ar\/index.php\/2025\/09\/16\/quienes-tienen-feriado-hoy-martes-16-de-septiembre\/","title":{"rendered":"Qui\u00e9nes tienen feriado hoy martes 16 de septiembre"},"content":{"rendered":"\n<p>A la espera de un nuevo feriado nacional, un gran n\u00famero de argentinos goza este&nbsp;<strong>martes&nbsp;16 de<\/strong><strong>&nbsp;septiembre<\/strong>&nbsp;de un&nbsp;<strong>sorpresivo<\/strong><strong>&nbsp;feriado<\/strong>&nbsp;<strong>extra.<\/strong><\/p>\n\n\n\n<p>Son varios los beneficiados con este inesperado d\u00eda de descanso, con el que adem\u00e1s cortan la semana.&nbsp;<\/p>\n\n\n\n<h3 class=\"wp-block-heading\">Feriado hoy martes 16 de septiembre: d\u00f3nde y por qu\u00e9<\/h3>\n\n\n\n<p>Este martes 16 de septiembre es feriado en varias localidades bonaerenses:&nbsp;<strong>Laprida y Cachar\u00ed, ciudades que celebran sus respectivos aniversarios fundacionales.&nbsp;<\/strong><\/p>\n\n\n\n<p>En este caso, se trata de feriado municipal para empleados municipales y bancarios; mientras que es optativo para el resto de las actividades, quedando a elecci\u00f3n de empleadores.&nbsp;<\/p>\n\n\n\n<h3 class=\"wp-block-heading\">Cu\u00e1ndo es el pr\u00f3ximo fin de semana largo nacional en Argentina<\/h3>\n\n\n\n<p>El pr\u00f3ximo feriado el 12 de octubre, por el D\u00eda del Respeto a la Diversidad Cultural. Este a\u00f1o cae domingo y fue declaro como intransferible.<\/p>\n\n\n\n<h3 class=\"wp-block-heading\">Calendario de feriados 2025 en Argentina<\/h3>\n\n\n\n<ul class=\"wp-block-list\">\n<li>Mi\u00e9rcoles 1 de enero: A\u00f1o Nuevo<\/li>\n\n\n\n<li>Lunes 3 y martes 4 de marzo: Carnaval<\/li>\n\n\n\n<li>Lunes 24 de marzo: D\u00eda Nacional de la Memoria por la Verdad y la Justicia.<\/li>\n\n\n\n<li>Mi\u00e9rcoles 2 de abril: D\u00eda del Veterano y de los Ca\u00eddos en la Guerra de Malvinas.<\/li>\n\n\n\n<li>Jueves 18 y viernes 19: Semana Santa.<\/li>\n\n\n\n<li>Jueves 1 de mayo: D\u00eda del Trabajador.<\/li>\n\n\n\n<li>Viernes 2 de mayo: D\u00eda no laborable con fines tur\u00edsticos.<\/li>\n\n\n\n<li>Domingo 25 de mayo: D\u00eda de la Revoluci\u00f3n de Mayo.<\/li>\n\n\n\n<li>Lunes 16 de junio: Paso a la Inmortalidad del Gral. Don Mart\u00edn Miguel de G\u00fcemes (trasladado del 17\/6).<\/li>\n\n\n\n<li>Viernes 20 de junio: Paso a la Inmortalidad del Gral. Manuel Belgrano.<\/li>\n\n\n\n<li>Mi\u00e9rcoles 9 de julio: D\u00eda de la independencia.<\/li>\n\n\n\n<li>Viernes 15 de agosto: D\u00eda no laborable con fines tur\u00edsticos.<\/li>\n\n\n\n<li>Domingo 17 de agosto: Paso a la Inmortalidad del Gral. Jos\u00e9 de San Mart\u00edn.<\/li>\n\n\n\n<li>Domingo 12 de octubre: D\u00eda del Respeto a la Diversidad Cultural.<\/li>\n\n\n\n<li>Viernes 21 de noviembre: D\u00eda no laborable con fines tur\u00edsticos.<\/li>\n\n\n\n<li>Lunes 24 de noviembre: D\u00eda de la Soberan\u00eda Nacional (trasladado del 20\/11).<\/li>\n\n\n\n<li>Lunes 8 de diciembre: Inmaculada Concepci\u00f3n de Mar\u00eda.<\/li>\n\n\n\n<li>Jueves 25 de diciembre: Navidad.<\/li>\n<\/ul>\n","protected":false},"excerpt":{"rendered":"<p>A la espera de un nuevo feriado nacional, un gran n\u00famero de argentinos goza este&nbsp;martes&nbsp;16 de&nbsp;septiembre&nbsp;de un&nbsp;sorpresivo&nbsp;feriado&nbsp;extra. Son varios los beneficiados con este inesperado d\u00eda de descanso, con el que adem\u00e1s cortan la semana.&nbsp; Feriado hoy martes 16 de septiembre: d\u00f3nde y por qu\u00e9 Este martes 16 de septiembre es feriado en varias localidades bonaerenses:&nbsp;Laprida [&hellip;]<\/p>\n","protected":false},"author":2,"featured_media":51077,"comment_status":"closed","ping_status":"closed","sticky":false,"template":"","format":"standard","meta":{"footnotes":""},"categories":[55],"tags":[],"class_list":["post-51076","post","type-post","status-publish","format-standard","has-post-thumbnail","hentry","category-turismo"],"_links":{"self":[{"href":"https:\/\/infoactual.com.ar\/index.php\/wp-json\/wp\/v2\/posts\/51076","targetHints":{"allow":["GET"]}}],"collection":[{"href":"https:\/\/infoactual.com.ar\/index.php\/wp-json\/wp\/v2\/posts"}],"about":[{"href":"https:\/\/infoactual.com.ar\/index.php\/wp-json\/wp\/v2\/types\/post"}],"author":[{"embeddable":true,"href":"https:\/\/infoactual.com.ar\/index.php\/wp-json\/wp\/v2\/users\/2"}],"replies":[{"embeddable":true,"href":"https:\/\/infoactual.com.ar\/index.php\/wp-json\/wp\/v2\/comments?post=51076"}],"version-history":[{"count":1,"href":"https:\/\/infoactual.com.ar\/index.php\/wp-json\/wp\/v2\/posts\/51076\/revisions"}],"predecessor-version":[{"id":51078,"href":"https:\/\/infoactual.com.ar\/index.php\/wp-json\/wp\/v2\/posts\/51076\/revisions\/51078"}],"wp:featuredmedia":[{"embeddable":true,"href":"https:\/\/infoactual.com.ar\/index.php\/wp-json\/wp\/v2\/media\/51077"}],"wp:attachment":[{"href":"https:\/\/infoactual.com.ar\/index.php\/wp-json\/wp\/v2\/media?parent=51076"}],"wp:term":[{"taxonomy":"category","embeddable":true,"href":"https:\/\/infoactual.com.ar\/index.php\/wp-json\/wp\/v2\/categories?post=51076"},{"taxonomy":"post_tag","embeddable":true,"href":"https:\/\/infoactual.com.ar\/index.php\/wp-json\/wp\/v2\/tags?post=51076"}],"curies":[{"name":"wp","href":"https:\/\/api.w.org\/{rel}","templated":true}]}}