{"id":51121,"date":"2025-11-03T17:41:23","date_gmt":"2025-11-03T20:41:23","guid":{"rendered":"https:\/\/infoactual.com.ar\/?p=51121"},"modified":"2025-11-03T17:41:24","modified_gmt":"2025-11-03T20:41:24","slug":"lamelas-entrego-las-cartas-credenciales-y-ya-es-el-embajador-de-eeuu-en-argentina","status":"publish","type":"post","link":"https:\/\/infoactual.com.ar\/index.php\/2025\/11\/03\/lamelas-entrego-las-cartas-credenciales-y-ya-es-el-embajador-de-eeuu-en-argentina\/","title":{"rendered":"Lamelas entreg\u00f3 las cartas credenciales y ya es el embajador de EEUU en Argentina"},"content":{"rendered":"\n<p>El embajador de los Estados Unidos en la Argentina, Peter Lamelas, entreg\u00f3 hoy copia de cartas credenciales al canciller Pablo Quirno y as\u00ed complet\u00f3 el tr\u00e1mite que lo formaliz\u00f3 en el cargo.<\/p>\n\n\n\n<p>\u00ab\u00a1Bienvenido Embajador Peter Lamelas! Es un honor recibirlo en una etapa de m\u00e1ximo nivel de relacionamiento bilateral, con el impulso de los Presidentes Javier Milei y Donald Trump\u00bb, celebr\u00f3 la Embajada estadounidense en Buenos Aires mediante un tuit.<\/p>\n\n\n\n<p>El encuentro entre Lamelas y Quirno tuvo lugar en la Canciller\u00eda. El representante de la gesti\u00f3n de Trump en la Argentina es un m\u00e9dico y empresario de origen cubano que fue aportante de la campa\u00f1a del actual presidente republicano.<\/p>\n\n\n\n<p>El desembarco de Lamelas, quien hab\u00eda arribado a Buenos Aires el viernes pasado, se produce en medio de la profundizaci\u00f3n del alineamiento del Gobierno de Milei detr\u00e1s del de Trump, luego del auxilio econ\u00f3mico que activ\u00f3 el secretario del Tesoro, Scott Bessent, mediante un swap de 20.000 millones de d\u00f3lares.<\/p>\n\n\n\n<p>Uno de los primeros desaf\u00edos que deber\u00e1 encarar el reci\u00e9n asumido Quirno en lo que refiere a los Estados Unidos es el demorado anuncio de un acuerdo de libre comercio, en el que su antecesor Gerardo Werthein ven\u00eda trabajando desde hac\u00eda varios meses pero que contin\u00faa sin concretarse.<\/p>\n\n\n\n<p>Se viene hablando de una baja de aranceles para m\u00e1s de cincuenta productos argentinos, aunque lo cierto es que a\u00fan no hay nada concreto y no se lleg\u00f3 a anunciar nada durante la reciente visita de Milei a Trump en la Casa Blanca.<\/p>\n\n\n\n<p>El propio Lamelas se refiri\u00f3 al tema del acuerdo comercial tiempo atr\u00e1s cuando ya hab\u00eda sido propuesto por Trump para el cargo de embajador: \u00abPronto tendremos grandes noticias\u00bb.<\/p>\n\n\n\n<p>En ese marco, el representante diplom\u00e1tico prometi\u00f3 respaldar al gobierno de Milei y adelant\u00f3 que iba a recorrer las provincias para entablar relaciones&nbsp;con los&nbsp;gobiernos regionales.<\/p>\n\n\n\n<p>Varias empresas norteamericanas est\u00e1n interesadas en invertir en la producci\u00f3n de litio, uranio, gas, petr\u00f3leo y energ\u00eda hidroel\u00e9trica, entre otros, pero m\u00e1s all\u00e1 de lo que se pueda acordar con la Naci\u00f3n, lo cierto es que son las provincias las due\u00f1as de esos recursos, por lo cual ser\u00e1n necesarias las conversaciones con los gobernadores.&nbsp;<\/p>\n\n\n\n<p>fuente NA<\/p>\n","protected":false},"excerpt":{"rendered":"<p>El embajador de los Estados Unidos en la Argentina, Peter Lamelas, entreg\u00f3 hoy copia de cartas credenciales al canciller Pablo Quirno y as\u00ed complet\u00f3 el tr\u00e1mite que lo formaliz\u00f3 en el cargo. \u00ab\u00a1Bienvenido Embajador Peter Lamelas! Es un honor recibirlo en una etapa de m\u00e1ximo nivel de relacionamiento bilateral, con el impulso de los Presidentes [&hellip;]<\/p>\n","protected":false},"author":2,"featured_media":51122,"comment_status":"closed","ping_status":"closed","sticky":false,"template":"","format":"standard","meta":{"footnotes":""},"categories":[43],"tags":[],"class_list":["post-51121","post","type-post","status-publish","format-standard","has-post-thumbnail","hentry","category-politica"],"_links":{"self":[{"href":"https:\/\/infoactual.com.ar\/index.php\/wp-json\/wp\/v2\/posts\/51121","targetHints":{"allow":["GET"]}}],"collection":[{"href":"https:\/\/infoactual.com.ar\/index.php\/wp-json\/wp\/v2\/posts"}],"about":[{"href":"https:\/\/infoactual.com.ar\/index.php\/wp-json\/wp\/v2\/types\/post"}],"author":[{"embeddable":true,"href":"https:\/\/infoactual.com.ar\/index.php\/wp-json\/wp\/v2\/users\/2"}],"replies":[{"embeddable":true,"href":"https:\/\/infoactual.com.ar\/index.php\/wp-json\/wp\/v2\/comments?post=51121"}],"version-history":[{"count":1,"href":"https:\/\/infoactual.com.ar\/index.php\/wp-json\/wp\/v2\/posts\/51121\/revisions"}],"predecessor-version":[{"id":51123,"href":"https:\/\/infoactual.com.ar\/index.php\/wp-json\/wp\/v2\/posts\/51121\/revisions\/51123"}],"wp:featuredmedia":[{"embeddable":true,"href":"https:\/\/infoactual.com.ar\/index.php\/wp-json\/wp\/v2\/media\/51122"}],"wp:attachment":[{"href":"https:\/\/infoactual.com.ar\/index.php\/wp-json\/wp\/v2\/media?parent=51121"}],"wp:term":[{"taxonomy":"category","embeddable":true,"href":"https:\/\/infoactual.com.ar\/index.php\/wp-json\/wp\/v2\/categories?post=51121"},{"taxonomy":"post_tag","embeddable":true,"href":"https:\/\/infoactual.com.ar\/index.php\/wp-json\/wp\/v2\/tags?post=51121"}],"curies":[{"name":"wp","href":"https:\/\/api.w.org\/{rel}","templated":true}]}}