{"id":53716,"date":"2026-03-05T08:35:49","date_gmt":"2026-03-05T11:35:49","guid":{"rendered":"https:\/\/infoactual.com.ar\/?p=53716"},"modified":"2026-03-05T08:35:51","modified_gmt":"2026-03-05T11:35:51","slug":"con-el-nuevo-a526-colapinto-enfrenta-el-desafio-de-su-primera-temporada-completa-en-f1","status":"publish","type":"post","link":"https:\/\/infoactual.com.ar\/index.php\/2026\/03\/05\/con-el-nuevo-a526-colapinto-enfrenta-el-desafio-de-su-primera-temporada-completa-en-f1\/","title":{"rendered":"Con el nuevo A526, Colapinto enfrenta el desaf\u00edo de su primera temporada completa en F1"},"content":{"rendered":"\n<p>&nbsp;El piloto argentino&nbsp;<strong>Franco Colapinto<\/strong>&nbsp;iniciar\u00e1 este fin de semana la temporada 2026 de F\u00f3rmula 1 en el Gran Premio de Australia con la expectativa de pelear en la zona media de la parrilla y acercarse a los puntos con&nbsp;<strong>Alpine<\/strong>.<\/p>\n\n\n\n<p>El pilarense afirm\u00f3 en Melbourne que el objetivo del equipo es&nbsp;<strong>\u00abconsolidarse detr\u00e1s de las escuder\u00edas dominantes\u00bb<\/strong>&nbsp;y&nbsp;<strong>\u00abaprovechar el potencial que mostr\u00f3 el nuevo A526\u00bb<\/strong>&nbsp;durante la pretemporada.<\/p>\n\n\n\n<p>Colapinto ya se encuentra en el circuito de&nbsp;<strong>Albert Park<\/strong>&nbsp;para disputar la primera fecha del campeonato, que marcar\u00e1 la primera vez en su carrera que comienza una temporada completa en la m\u00e1xima categor\u00eda.<\/p>\n\n\n\n<p>El argentino afronta el inicio del a\u00f1o tras un 2025 complejo para&nbsp;<strong>Alpine<\/strong>, temporada en la que la escuder\u00eda prioriz\u00f3 el desarrollo del auto de 2026 ante el profundo cambio reglamentario que entr\u00f3 en vigor este a\u00f1o.<\/p>\n\n\n\n<p>Las pruebas de pretemporada en&nbsp;<strong>Bahr\u00e9in<\/strong>&nbsp;dejaron se\u00f1ales alentadoras para el equipo franc\u00e9s y varios observadores del paddock ubican a&nbsp;<strong>Alpine<\/strong>&nbsp;como uno de los principales protagonistas de la zona media, por detr\u00e1s de&nbsp;<strong>Mercedes, Ferrari, Red Bull<\/strong>&nbsp;y&nbsp;<strong>McLaren<\/strong>.<\/p>\n\n\n\n<p>En ese contexto, Colapinto plante\u00f3 un objetivo claro:&nbsp;<strong>\u201cLo que queremos es estar ah\u00ed, en el grupo medio, para ser sincero\u201d<\/strong>, se\u00f1al\u00f3 el piloto de 22 a\u00f1os ante la prensa, seg\u00fan pudo saber la&nbsp;<a rel=\"noreferrer noopener\" href=\"https:\/\/es.wikipedia.org\/wiki\/Noticias_Argentinas\" target=\"_blank\">Agencia Noticias Argentinas<\/a>.<\/p>\n\n\n\n<p>El argentino aclar\u00f3 que el panorama real reci\u00e9n aparecer\u00e1 cuando todos los equipos salgan a pista en Australia y, seg\u00fan explic\u00f3, la diferencia con los cuatro equipos de punta parece evidente, aunque el orden detr\u00e1s de ellos todav\u00eda resulta incierto.<\/p>\n\n\n\n<p><strong>\u201cHay una brecha clara con los cuatro equipos de arriba, pero nadie sabe realmente d\u00f3nde est\u00e1 cada uno. Es muy complicado tener expectativas concretas antes de ver la clasificaci\u00f3n\u201d<\/strong>, sostuvo.<\/p>\n\n\n\n<p>Colapinto destac\u00f3 adem\u00e1s el trabajo del equipo durante los ensayos en&nbsp;<strong>Bahr\u00e9in<\/strong>&nbsp;y remarc\u00f3 que&nbsp;<strong>Alpine<\/strong>&nbsp;complet\u00f3 todo el programa previsto antes del inicio del campeonato.<\/p>\n\n\n\n<p><strong>\u201cTrabajamos muy bien juntos y cubrimos todos los puntos de prueba que quer\u00edamos. Si podemos pelear en el grupo medio ser\u00eda un paso adelante respecto al a\u00f1o pasado, as\u00ed que vamos a dar lo mejor para estar cerca de los puntos\u201d<\/strong>, afirm\u00f3.<\/p>\n\n\n\n<p>El comienzo del calendario tambi\u00e9n presenta un desaf\u00edo particular para el argentino debido a que varias de las primeras carreras se disputar\u00e1n en circuitos donde nunca compiti\u00f3 en F\u00f3rmula 1, como el propio&nbsp;<strong>Albert Park<\/strong>&nbsp;o el trazado de&nbsp;<strong>China<\/strong>, sede de un fin de semana con carrera sprint.<\/p>\n\n\n\n<p>Colapinto reconoci\u00f3 que esa falta de experiencia&nbsp;<strong>\u00abpuede complicar el inicio\u00bb<\/strong>, aunque&nbsp;<strong>\u00abconf\u00eda en el trabajo del equipo para adaptarse con rapidez\u00bb<\/strong>.<\/p>\n\n\n\n<p>El Gran Premio de Australia tambi\u00e9n marcar\u00e1 un fin de semana especial para el automovilismo argentino, que contar\u00e1 con presencia en las tres principales categor\u00edas de la escalera hacia la F1.__IP__<\/p>\n\n\n\n<p>Adem\u00e1s de&nbsp;<strong>Colapinto<\/strong>&nbsp;en la m\u00e1xima categor\u00eda,&nbsp;<strong>Nicol\u00e1s Varrone<\/strong>&nbsp;debutar\u00e1 en F\u00f3rmula 2 con el equipo&nbsp;<strong>Van Amersfoort Racing<\/strong>&nbsp;y&nbsp;<strong>Mattia Colnaghi<\/strong>&nbsp;competir\u00e1 en F\u00f3rmula 3 con&nbsp;<strong>MP Motorsport<\/strong>.<\/p>\n\n\n\n<p><a href=\"https:\/\/noticiasargentinas.com\/-agenciana_t6916e70a4551e78eb9423f59\">#AgenciaNA<\/a>&nbsp;<\/p>\n","protected":false},"excerpt":{"rendered":"<p>&nbsp;El piloto argentino&nbsp;Franco Colapinto&nbsp;iniciar\u00e1 este fin de semana la temporada 2026 de F\u00f3rmula 1 en el Gran Premio de Australia con la expectativa de pelear en la zona media de la parrilla y acercarse a los puntos con&nbsp;Alpine. El pilarense afirm\u00f3 en Melbourne que el objetivo del equipo es&nbsp;\u00abconsolidarse detr\u00e1s de las escuder\u00edas dominantes\u00bb&nbsp;y&nbsp;\u00abaprovechar el [&hellip;]<\/p>\n","protected":false},"author":2,"featured_media":53717,"comment_status":"closed","ping_status":"closed","sticky":false,"template":"","format":"standard","meta":{"footnotes":""},"categories":[50],"tags":[],"class_list":["post-53716","post","type-post","status-publish","format-standard","has-post-thumbnail","hentry","category-deportes"],"_links":{"self":[{"href":"https:\/\/infoactual.com.ar\/index.php\/wp-json\/wp\/v2\/posts\/53716","targetHints":{"allow":["GET"]}}],"collection":[{"href":"https:\/\/infoactual.com.ar\/index.php\/wp-json\/wp\/v2\/posts"}],"about":[{"href":"https:\/\/infoactual.com.ar\/index.php\/wp-json\/wp\/v2\/types\/post"}],"author":[{"embeddable":true,"href":"https:\/\/infoactual.com.ar\/index.php\/wp-json\/wp\/v2\/users\/2"}],"replies":[{"embeddable":true,"href":"https:\/\/infoactual.com.ar\/index.php\/wp-json\/wp\/v2\/comments?post=53716"}],"version-history":[{"count":1,"href":"https:\/\/infoactual.com.ar\/index.php\/wp-json\/wp\/v2\/posts\/53716\/revisions"}],"predecessor-version":[{"id":53718,"href":"https:\/\/infoactual.com.ar\/index.php\/wp-json\/wp\/v2\/posts\/53716\/revisions\/53718"}],"wp:featuredmedia":[{"embeddable":true,"href":"https:\/\/infoactual.com.ar\/index.php\/wp-json\/wp\/v2\/media\/53717"}],"wp:attachment":[{"href":"https:\/\/infoactual.com.ar\/index.php\/wp-json\/wp\/v2\/media?parent=53716"}],"wp:term":[{"taxonomy":"category","embeddable":true,"href":"https:\/\/infoactual.com.ar\/index.php\/wp-json\/wp\/v2\/categories?post=53716"},{"taxonomy":"post_tag","embeddable":true,"href":"https:\/\/infoactual.com.ar\/index.php\/wp-json\/wp\/v2\/tags?post=53716"}],"curies":[{"name":"wp","href":"https:\/\/api.w.org\/{rel}","templated":true}]}}