{"id":53885,"date":"2026-03-11T10:23:59","date_gmt":"2026-03-11T13:23:59","guid":{"rendered":"https:\/\/infoactual.com.ar\/?p=53885"},"modified":"2026-03-11T10:24:00","modified_gmt":"2026-03-11T13:24:00","slug":"la-definicion-de-trump-sobre-si-iran-podra-competir-en-el-mundial-de-la-fifa-2026","status":"publish","type":"post","link":"https:\/\/infoactual.com.ar\/index.php\/2026\/03\/11\/la-definicion-de-trump-sobre-si-iran-podra-competir-en-el-mundial-de-la-fifa-2026\/","title":{"rendered":"La definici\u00f3n de Trump sobre si Ir\u00e1n podr\u00e1 competir en el Mundial de la FIFA 2026"},"content":{"rendered":"\n<p>&nbsp;El presidente de Estados Unidos,&nbsp;<strong>Donald Trump<\/strong>, afirm\u00f3 que la selecci\u00f3n nacional de<strong>&nbsp;Ir\u00e1n&nbsp;<\/strong>ser\u00e1 bienvenida a competir en la&nbsp;<strong>Copa Mundial de la FIFA 2026<\/strong>&nbsp;en Estados Unidos, seg\u00fan el presidente de la&nbsp;<strong>FIFA<\/strong>, Gianni Infantino.&nbsp;<\/p>\n\n\n\n<p>Seg\u00fan supo la&nbsp;<a rel=\"noreferrer noopener\" href=\"https:\/\/es.wikipedia.org\/wiki\/Noticias_Argentinas\" target=\"_blank\"><strong>Agencia Noticias Argentinas<\/strong><\/a><strong>, Infantino indic\u00f3 en redes sociales que se reuni\u00f3 con Trump el martes por la noche<\/strong>&nbsp;para hablar sobre los preparativos para la pr\u00f3xima Copa Mundial, que ser\u00e1 organizada conjuntamente por Estados Unidos, Canad\u00e1 y M\u00e9xico de junio a julio.&nbsp;<\/p>\n\n\n\n<p>\u00abEsta noche me reun\u00ed con el presidente de Estados Unidos, Donald Trump, para hablar sobre el estado de los preparativos para la pr\u00f3xima Copa Mundial de la FIFA y la creciente emoci\u00f3n que genera el inicio de la competici\u00f3n en tan solo 93 d\u00edas\u00bb, escribi\u00f3 Infantino.&nbsp;<\/p>\n\n\n\n<p>A\u00f1adi\u00f3 que&nbsp;<strong>ambos tambi\u00e9n conversaron sobre la situaci\u00f3n actual en Ir\u00e1n<\/strong>&nbsp;y el hecho de que la selecci\u00f3n iran\u00ed ya se haya clasificado para el torneo.&nbsp;<\/p>\n\n\n\n<p><strong>\u00abDurante las conversaciones, el presidente Trump reiter\u00f3 que la selecci\u00f3n iran\u00ed es, por supuesto, bienvenida a competir en el torneo en Estados Unidos\u00bb, declar\u00f3 Infantino.<\/strong>&nbsp;\u00abAhora m\u00e1s que nunca, necesitamos un evento como la Copa Mundial de la FIFA para unir a la gente\u00bb, a\u00f1adi\u00f3.&nbsp;<\/p>\n\n\n\n<p>Las tensiones en Oriente Medio se han intensificado tras los ataques militares de Estados Unidos e Israel contra Ir\u00e1n, lo que aumenta la incertidumbre sobre la participaci\u00f3n de Ir\u00e1n en el torneo.__IP__<\/p>\n\n\n\n<p>Mehdi Taj, presidente de la Federaci\u00f3n Iran\u00ed de F\u00fatbol, \u200b\u200bdeclar\u00f3 la semana pasada que Ir\u00e1n no pod\u00eda ser optimista sobre su participaci\u00f3n en el Mundial en las circunstancias actuales.&nbsp;<\/p>\n\n\n\n<p>Seg\u00fan el sorteo, Ir\u00e1n est\u00e1 encuadrado en el Grupo G junto a B\u00e9lgica, Nueva Zelanda y Egipto, y sus tres partidos de la fase de grupos se disputar\u00e1n en Estados Unidos.&nbsp;<a href=\"https:\/\/noticiasargentinas.com\/-agenciana_t6916e70a4551e78eb9423f59\">#AgenciaNA<\/a>&nbsp;<\/p>\n","protected":false},"excerpt":{"rendered":"<p>&nbsp;El presidente de Estados Unidos,&nbsp;Donald Trump, afirm\u00f3 que la selecci\u00f3n nacional de&nbsp;Ir\u00e1n&nbsp;ser\u00e1 bienvenida a competir en la&nbsp;Copa Mundial de la FIFA 2026&nbsp;en Estados Unidos, seg\u00fan el presidente de la&nbsp;FIFA, Gianni Infantino.&nbsp; Seg\u00fan supo la&nbsp;Agencia Noticias Argentinas, Infantino indic\u00f3 en redes sociales que se reuni\u00f3 con Trump el martes por la noche&nbsp;para hablar sobre los preparativos [&hellip;]<\/p>\n","protected":false},"author":2,"featured_media":53886,"comment_status":"closed","ping_status":"closed","sticky":false,"template":"","format":"standard","meta":{"footnotes":""},"categories":[50],"tags":[],"class_list":["post-53885","post","type-post","status-publish","format-standard","has-post-thumbnail","hentry","category-deportes"],"_links":{"self":[{"href":"https:\/\/infoactual.com.ar\/index.php\/wp-json\/wp\/v2\/posts\/53885","targetHints":{"allow":["GET"]}}],"collection":[{"href":"https:\/\/infoactual.com.ar\/index.php\/wp-json\/wp\/v2\/posts"}],"about":[{"href":"https:\/\/infoactual.com.ar\/index.php\/wp-json\/wp\/v2\/types\/post"}],"author":[{"embeddable":true,"href":"https:\/\/infoactual.com.ar\/index.php\/wp-json\/wp\/v2\/users\/2"}],"replies":[{"embeddable":true,"href":"https:\/\/infoactual.com.ar\/index.php\/wp-json\/wp\/v2\/comments?post=53885"}],"version-history":[{"count":1,"href":"https:\/\/infoactual.com.ar\/index.php\/wp-json\/wp\/v2\/posts\/53885\/revisions"}],"predecessor-version":[{"id":53887,"href":"https:\/\/infoactual.com.ar\/index.php\/wp-json\/wp\/v2\/posts\/53885\/revisions\/53887"}],"wp:featuredmedia":[{"embeddable":true,"href":"https:\/\/infoactual.com.ar\/index.php\/wp-json\/wp\/v2\/media\/53886"}],"wp:attachment":[{"href":"https:\/\/infoactual.com.ar\/index.php\/wp-json\/wp\/v2\/media?parent=53885"}],"wp:term":[{"taxonomy":"category","embeddable":true,"href":"https:\/\/infoactual.com.ar\/index.php\/wp-json\/wp\/v2\/categories?post=53885"},{"taxonomy":"post_tag","embeddable":true,"href":"https:\/\/infoactual.com.ar\/index.php\/wp-json\/wp\/v2\/tags?post=53885"}],"curies":[{"name":"wp","href":"https:\/\/api.w.org\/{rel}","templated":true}]}}