{"id":55028,"date":"2026-04-22T15:06:00","date_gmt":"2026-04-22T18:06:00","guid":{"rendered":"https:\/\/infoactual.com.ar\/?p=55028"},"modified":"2026-04-22T15:06:03","modified_gmt":"2026-04-22T18:06:03","slug":"carlos-balor-participo-del-festejo-por-los-100-anos-de-la-primaria-n-9","status":"publish","type":"post","link":"https:\/\/infoactual.com.ar\/index.php\/2026\/04\/22\/carlos-balor-participo-del-festejo-por-los-100-anos-de-la-primaria-n-9\/","title":{"rendered":"Carlos Balor particip\u00f3 del festejo por los 100 a\u00f1os de la Primaria N\u00b0 9"},"content":{"rendered":"\n<p><strong>La Escuela Primaria N\u00b0 9 \u201cRosalia Davel de Deambrosi\u201d celebr\u00f3 su 100\u00b0 aniversario en su sede, donde estuvo el intendente de Berazategui, Carlos Balor, junto a la comunidad educativa.<\/strong><\/p>\n\n\n\n<p>Durante el acto, el Intendente entreg\u00f3 una computadora y un proyector para la instituci\u00f3n. Asimismo, se descubri\u00f3 un escudo en el p\u00f3rtico exterior, una placa alusiva en reconocimiento de este nuevo aniversario y la obra de restauraci\u00f3n de una bandera de 1950.<\/p>\n\n\n\n<p>Tras recorrer la muestra est\u00e1tica organizada por la Escuela, Carlos Balor expres\u00f3: \u201cGracias por el aguante, gracias por estar. Quiero saludar a todas las autoridades, a los padres, a los estudiantes; para m\u00ed es un orgullo estar ac\u00e1. El Dr. Juan Jos\u00e9 Mussi levantaba siempre la bandera de la Educaci\u00f3n P\u00fablica y nosotros vamos a cumplir con su legado, no les vamos a fallar. Los necesitamos a todos, que nos sigan acompa\u00f1ando. Much\u00edsimas gracias, los quiero mucho\u201d.<\/p>\n\n\n\n<p>Por su parte, Carolina Sarloni, directora de la instituci\u00f3n -que cuenta con una matr\u00edcula de 508 estudiantes-, indic\u00f3: \u201cEstamos felices celebrando los 100 a\u00f1os de la Primaria N\u00b0 9. A pesar de la lluvia, el lugar est\u00e1 lleno de estudiantes y docentes, y nos visit\u00f3 el Intendente junto a otras autoridades. Estamos muy contentos, no podemos pedir m\u00e1s\u201d.<\/p>\n\n\n\n<p>Estuvieron presentes, adem\u00e1s, integrantes del Gabinete municipal, concejales, la inspectora jefa distrital, Gladys Ram\u00edrez, consejeros escolares, vecinos y vecinas.<\/p>\n","protected":false},"excerpt":{"rendered":"<p>La Escuela Primaria N\u00b0 9 \u201cRosalia Davel de Deambrosi\u201d celebr\u00f3 su 100\u00b0 aniversario en su sede, donde estuvo el intendente de Berazategui, Carlos Balor, junto a la comunidad educativa. Durante el acto, el Intendente entreg\u00f3 una computadora y un proyector para la instituci\u00f3n. Asimismo, se descubri\u00f3 un escudo en el p\u00f3rtico exterior, una placa alusiva [&hellip;]<\/p>\n","protected":false},"author":2,"featured_media":55029,"comment_status":"closed","ping_status":"closed","sticky":false,"template":"","format":"standard","meta":{"footnotes":""},"categories":[45],"tags":[],"class_list":["post-55028","post","type-post","status-publish","format-standard","has-post-thumbnail","hentry","category-sociedad"],"_links":{"self":[{"href":"https:\/\/infoactual.com.ar\/index.php\/wp-json\/wp\/v2\/posts\/55028","targetHints":{"allow":["GET"]}}],"collection":[{"href":"https:\/\/infoactual.com.ar\/index.php\/wp-json\/wp\/v2\/posts"}],"about":[{"href":"https:\/\/infoactual.com.ar\/index.php\/wp-json\/wp\/v2\/types\/post"}],"author":[{"embeddable":true,"href":"https:\/\/infoactual.com.ar\/index.php\/wp-json\/wp\/v2\/users\/2"}],"replies":[{"embeddable":true,"href":"https:\/\/infoactual.com.ar\/index.php\/wp-json\/wp\/v2\/comments?post=55028"}],"version-history":[{"count":1,"href":"https:\/\/infoactual.com.ar\/index.php\/wp-json\/wp\/v2\/posts\/55028\/revisions"}],"predecessor-version":[{"id":55030,"href":"https:\/\/infoactual.com.ar\/index.php\/wp-json\/wp\/v2\/posts\/55028\/revisions\/55030"}],"wp:featuredmedia":[{"embeddable":true,"href":"https:\/\/infoactual.com.ar\/index.php\/wp-json\/wp\/v2\/media\/55029"}],"wp:attachment":[{"href":"https:\/\/infoactual.com.ar\/index.php\/wp-json\/wp\/v2\/media?parent=55028"}],"wp:term":[{"taxonomy":"category","embeddable":true,"href":"https:\/\/infoactual.com.ar\/index.php\/wp-json\/wp\/v2\/categories?post=55028"},{"taxonomy":"post_tag","embeddable":true,"href":"https:\/\/infoactual.com.ar\/index.php\/wp-json\/wp\/v2\/tags?post=55028"}],"curies":[{"name":"wp","href":"https:\/\/api.w.org\/{rel}","templated":true}]}}