{"id":55067,"date":"2026-04-23T07:54:37","date_gmt":"2026-04-23T10:54:37","guid":{"rendered":"https:\/\/infoactual.com.ar\/?p=55067"},"modified":"2026-04-23T07:54:38","modified_gmt":"2026-04-23T10:54:38","slug":"la-reforma-electoral-tambien-se-discute-en-ciudad-cuales-son-los-principales-planteos","status":"publish","type":"post","link":"https:\/\/infoactual.com.ar\/index.php\/2026\/04\/23\/la-reforma-electoral-tambien-se-discute-en-ciudad-cuales-son-los-principales-planteos\/","title":{"rendered":"La reforma electoral tambi\u00e9n se discute en Ciudad: cu\u00e1les son los principales planteos"},"content":{"rendered":"\n<p>Con el proyecto del Gobierno de reforma electoral listo y enviado al Senado de la Naci\u00f3n,<strong>&nbsp;diferentes dirigentes de la Ciudad de Buenos Aires<\/strong>&nbsp;plantearon sus visiones en torno a la posibilidad de que se instrumente la normativa a nivel distrital. Los legisladores&nbsp;<strong>Pilar Ram\u00edrez<\/strong>, titular del bloque libertario,&nbsp;<strong>Roc\u00edo Figueroa<\/strong>&nbsp;(PRO) y<strong>&nbsp;Federico Mochi<\/strong>&nbsp;(Fuerza Por Buenos Aires) fueron algunas de las expresiones que aparecieron y brindaron su punto de vista.<\/p>\n\n\n\n<p>Ram\u00edrez fue la primera en saltar a escena. En X, transmiti\u00f3 la necesidad de que en la Ciudad se instrumenten cambios de fondo y que ya fueron impulsados por La Libertad Avanza.&nbsp;<strong>\u201cTambi\u00e9n queremos una reforma electoral: eliminaci\u00f3n de las PASO y Ficha Limpia.<\/strong>&nbsp;Dos proyectos que ya presentamos y que vamos a defender.&nbsp;<strong>\u00a1Basta de caprichos pol\u00edticos pagados con los impuestos de los porte\u00f1os y basta de impunidad!\u201d.<\/strong><\/p>\n\n\n\n<p>Mochi est\u00e1 en desacuerdo con la normativa. Ante la consulta de&nbsp;<strong>Agencia Noticias Argentinas<\/strong>, dijo que no ve la necesidad de plasmar cambios en el sistema electoral. Desde su visi\u00f3n,&nbsp;<strong>\u201ces una reforma que busca limitar la participaci\u00f3n pol\u00edtica<\/strong>. LLA va tomando decisiones en funci\u00f3n de lo que le conviene en el momento.&nbsp;<strong>La eliminaci\u00f3n de las PASO es para condicionar al peronismo y para que Milei ordene a su fuerza pol\u00edtica.<\/strong>&nbsp;Sacar las PASO hoy limita la posibilidad de medirse internamente tanto en el oficialismo como en la oposici\u00f3n\u201d, evalu\u00f3.<\/p>\n\n\n\n<p>Su an\u00e1lisis incluye la siguiente visi\u00f3n: Despu\u00e9s hay medidas que son para detonar a las fuerzas pol\u00edticas m\u00e1s chicas o a las nuevas expresiones que quieran presentarse: la exigencia de tener personer\u00eda en 10 provincias (antes eran 5) y al subir el piso electoral del 1% al 3% para mantener la personer\u00eda de los partidos,&nbsp;<strong>obliga a las fuerzas menores a diluirse en frentes con los partidos m\u00e1s grandes<\/strong>\u201d. El bloque por lo pronto no pretende avanzar con una eliminaci\u00f3n de las primarias.<\/p>\n\n\n\n<p>El oficialismo local a\u00fan no defini\u00f3 su postura. Pero la legisladora Figueroa dijo en X que&nbsp;<strong>\u201cla verdadera reforma electoral es terminar con las elecciones cada 2 a\u00f1os.<\/strong>&nbsp;Hace menos de 6 meses votamos y ya todos est\u00e1n hablando del 2027.&nbsp;<strong>Es muy dif\u00edcil construir un pa\u00eds serio si la pol\u00edtica vive en campa\u00f1a permanente<\/strong>, pensando m\u00e1s en la pr\u00f3xima elecci\u00f3n que en el largo plazo\u201d.<\/p>\n","protected":false},"excerpt":{"rendered":"<p>Con el proyecto del Gobierno de reforma electoral listo y enviado al Senado de la Naci\u00f3n,&nbsp;diferentes dirigentes de la Ciudad de Buenos Aires&nbsp;plantearon sus visiones en torno a la posibilidad de que se instrumente la normativa a nivel distrital. Los legisladores&nbsp;Pilar Ram\u00edrez, titular del bloque libertario,&nbsp;Roc\u00edo Figueroa&nbsp;(PRO) y&nbsp;Federico Mochi&nbsp;(Fuerza Por Buenos Aires) fueron algunas de [&hellip;]<\/p>\n","protected":false},"author":2,"featured_media":55068,"comment_status":"closed","ping_status":"closed","sticky":false,"template":"","format":"standard","meta":{"footnotes":""},"categories":[43],"tags":[],"class_list":["post-55067","post","type-post","status-publish","format-standard","has-post-thumbnail","hentry","category-politica"],"_links":{"self":[{"href":"https:\/\/infoactual.com.ar\/index.php\/wp-json\/wp\/v2\/posts\/55067","targetHints":{"allow":["GET"]}}],"collection":[{"href":"https:\/\/infoactual.com.ar\/index.php\/wp-json\/wp\/v2\/posts"}],"about":[{"href":"https:\/\/infoactual.com.ar\/index.php\/wp-json\/wp\/v2\/types\/post"}],"author":[{"embeddable":true,"href":"https:\/\/infoactual.com.ar\/index.php\/wp-json\/wp\/v2\/users\/2"}],"replies":[{"embeddable":true,"href":"https:\/\/infoactual.com.ar\/index.php\/wp-json\/wp\/v2\/comments?post=55067"}],"version-history":[{"count":1,"href":"https:\/\/infoactual.com.ar\/index.php\/wp-json\/wp\/v2\/posts\/55067\/revisions"}],"predecessor-version":[{"id":55069,"href":"https:\/\/infoactual.com.ar\/index.php\/wp-json\/wp\/v2\/posts\/55067\/revisions\/55069"}],"wp:featuredmedia":[{"embeddable":true,"href":"https:\/\/infoactual.com.ar\/index.php\/wp-json\/wp\/v2\/media\/55068"}],"wp:attachment":[{"href":"https:\/\/infoactual.com.ar\/index.php\/wp-json\/wp\/v2\/media?parent=55067"}],"wp:term":[{"taxonomy":"category","embeddable":true,"href":"https:\/\/infoactual.com.ar\/index.php\/wp-json\/wp\/v2\/categories?post=55067"},{"taxonomy":"post_tag","embeddable":true,"href":"https:\/\/infoactual.com.ar\/index.php\/wp-json\/wp\/v2\/tags?post=55067"}],"curies":[{"name":"wp","href":"https:\/\/api.w.org\/{rel}","templated":true}]}}