{"id":55152,"date":"2026-04-27T07:53:02","date_gmt":"2026-04-27T10:53:02","guid":{"rendered":"https:\/\/infoactual.com.ar\/?p=55152"},"modified":"2026-04-27T07:53:12","modified_gmt":"2026-04-27T10:53:12","slug":"milei-cerrara-abril-con-una-charla-sobre-economia-y-se-mostrara-en-el-congreso-junto-a-adorni","status":"publish","type":"post","link":"https:\/\/infoactual.com.ar\/index.php\/2026\/04\/27\/milei-cerrara-abril-con-una-charla-sobre-economia-y-se-mostrara-en-el-congreso-junto-a-adorni\/","title":{"rendered":"Milei cerrar\u00e1 abril con una charla sobre econom\u00eda y se mostrar\u00e1, en el Congreso, junto a Adorni"},"content":{"rendered":"\n<p>&nbsp;El&nbsp;<strong>presidente de la Naci\u00f3n, Javier Milei<\/strong>, cerrar\u00e1 el mes de abril con una diversa agenda de actividades en la que se destacan<strong>&nbsp;reuniones con ministros&nbsp;<\/strong>en&nbsp;<strong>Casa Rosada<\/strong>, disertaciones sobre&nbsp;<strong>econom\u00eda&nbsp;<\/strong>en el&nbsp;<strong>Palacio Libertad&nbsp;<\/strong>y su asistencia en el&nbsp;<strong>Congreso<\/strong>, donde acompa\u00f1ar\u00e1 al<strong>&nbsp;jefe de Gabinete, Manuel Adorni,&nbsp;<\/strong>en la presentaci\u00f3n del informe de gesti\u00f3n, y mostrar\u00e1 nuevamente su apoyo ante la situaci\u00f3n cr\u00edtica que el funcionario atraviesa luego de ser se\u00f1alado por&nbsp;<strong>presunto enriquecimiento il\u00edcito<\/strong>.<\/p>\n\n\n\n<p>El lunes 27, se espera que el mandatario encabece una&nbsp;<strong>reuni\u00f3n de Gabinete en Casa de Gobierno<\/strong>, junto a la<strong>&nbsp;secretaria de Presidencia<\/strong>,<strong>&nbsp;Karina Milei<\/strong>, y lleve adelante un encuentro con todos los&nbsp;<strong>ministros&nbsp;<\/strong>para retomar la<strong>&nbsp;iniciativa pol\u00edtica&nbsp;<\/strong>y<strong>&nbsp;ordenamiento interno<\/strong>.&nbsp;<\/p>\n\n\n\n<p>Para el martes 28,&nbsp;<strong>Milei&nbsp;<\/strong>confirm\u00f3 su&nbsp;<strong>participaci\u00f3n&nbsp;<\/strong>en la&nbsp;<strong>disertaci\u00f3n&nbsp;<\/strong>en el&nbsp;<strong>ex CCK<\/strong>, a las 18hs, en un debate titulado \u2018<strong>Keynes y la Teor\u00eda General<\/strong>\u2019, junto al&nbsp;<strong>economista Juan Carlos de Pablo<\/strong>&nbsp;y al&nbsp;<strong>diputado nacional&nbsp;<\/strong>por&nbsp;<strong>La Libertad Avanza&nbsp;<\/strong>(<strong>LLA<\/strong>)&nbsp;<strong>Adri\u00e1n Ravier<\/strong>.__IP__<\/p>\n","protected":false},"excerpt":{"rendered":"<p>&nbsp;El&nbsp;presidente de la Naci\u00f3n, Javier Milei, cerrar\u00e1 el mes de abril con una diversa agenda de actividades en la que se destacan&nbsp;reuniones con ministros&nbsp;en&nbsp;Casa Rosada, disertaciones sobre&nbsp;econom\u00eda&nbsp;en el&nbsp;Palacio Libertad&nbsp;y su asistencia en el&nbsp;Congreso, donde acompa\u00f1ar\u00e1 al&nbsp;jefe de Gabinete, Manuel Adorni,&nbsp;en la presentaci\u00f3n del informe de gesti\u00f3n, y mostrar\u00e1 nuevamente su apoyo ante la situaci\u00f3n cr\u00edtica [&hellip;]<\/p>\n","protected":false},"author":2,"featured_media":55153,"comment_status":"closed","ping_status":"closed","sticky":false,"template":"","format":"standard","meta":{"footnotes":""},"categories":[56,43],"tags":[],"class_list":["post-55152","post","type-post","status-publish","format-standard","has-post-thumbnail","hentry","category-destacada","category-politica"],"_links":{"self":[{"href":"https:\/\/infoactual.com.ar\/index.php\/wp-json\/wp\/v2\/posts\/55152","targetHints":{"allow":["GET"]}}],"collection":[{"href":"https:\/\/infoactual.com.ar\/index.php\/wp-json\/wp\/v2\/posts"}],"about":[{"href":"https:\/\/infoactual.com.ar\/index.php\/wp-json\/wp\/v2\/types\/post"}],"author":[{"embeddable":true,"href":"https:\/\/infoactual.com.ar\/index.php\/wp-json\/wp\/v2\/users\/2"}],"replies":[{"embeddable":true,"href":"https:\/\/infoactual.com.ar\/index.php\/wp-json\/wp\/v2\/comments?post=55152"}],"version-history":[{"count":1,"href":"https:\/\/infoactual.com.ar\/index.php\/wp-json\/wp\/v2\/posts\/55152\/revisions"}],"predecessor-version":[{"id":55154,"href":"https:\/\/infoactual.com.ar\/index.php\/wp-json\/wp\/v2\/posts\/55152\/revisions\/55154"}],"wp:featuredmedia":[{"embeddable":true,"href":"https:\/\/infoactual.com.ar\/index.php\/wp-json\/wp\/v2\/media\/55153"}],"wp:attachment":[{"href":"https:\/\/infoactual.com.ar\/index.php\/wp-json\/wp\/v2\/media?parent=55152"}],"wp:term":[{"taxonomy":"category","embeddable":true,"href":"https:\/\/infoactual.com.ar\/index.php\/wp-json\/wp\/v2\/categories?post=55152"},{"taxonomy":"post_tag","embeddable":true,"href":"https:\/\/infoactual.com.ar\/index.php\/wp-json\/wp\/v2\/tags?post=55152"}],"curies":[{"name":"wp","href":"https:\/\/api.w.org\/{rel}","templated":true}]}}