{"id":55158,"date":"2026-04-27T07:56:37","date_gmt":"2026-04-27T10:56:37","guid":{"rendered":"https:\/\/infoactual.com.ar\/?p=55158"},"modified":"2026-04-27T07:56:47","modified_gmt":"2026-04-27T10:56:47","slug":"los-sueldos-universitarios-pierden-32-con-milei-cuanto-necesitan-para-recomponerse","status":"publish","type":"post","link":"https:\/\/infoactual.com.ar\/index.php\/2026\/04\/27\/los-sueldos-universitarios-pierden-32-con-milei-cuanto-necesitan-para-recomponerse\/","title":{"rendered":"Los sueldos universitarios pierden 32% con Milei: cu\u00e1nto necesitan para recomponerse"},"content":{"rendered":"\n<p>Los salarios universitarios&nbsp;<strong>acumulan una p\u00e9rdida de 32% del poder adquisitivo<\/strong>&nbsp;en lo que va de la gesti\u00f3n de&nbsp;<a href=\"https:\/\/noticiasargentinas.com\/javier-milei_t65552d79207c69788b5733a8\">Javier Milei<\/a>, cayendo al&nbsp;<mark>menor nivel de los \u00faltimos 23 a\u00f1os<\/mark>, y para recomponerse&nbsp;<strong>necesitar\u00edan un incremento en torno al 50%.<\/strong><\/p>\n\n\n\n<p>El deterioro del poder de compra de los sueldos en el \u00e1mbito de la educaci\u00f3n superior p\u00fablica se da en un contexto cr\u00edtico para las casas de estudios por ajustes en el presupuesto y el incumplimiento gubernamental de la&nbsp;<a href=\"https:\/\/noticiasargentinas.com\/ley-de-financiamiento-universitario_t66e482a2431617a68708f074\">Ley de Financiamiento Universitario<\/a>.<\/p>\n\n\n\n<p>En este marco, las universidades nacionales anunciaron m\u00e1s medidas de fuerza que incluyen otra semana completa de paro, entre el 27 de abril y el 2 de mayo, y la convocatoria a una&nbsp;<mark>nueva Marcha Federal Universitaria<\/mark>&nbsp;para el pr\u00f3ximo 12 de mayo.<\/p>\n\n\n\n<p>Al exponer el recorte presupuestario, el&nbsp;<a href=\"https:\/\/noticiasargentinas.com\/consejo-interuniversitario-nacional_t661f04d7163eb69e3f7625b4\">Consejo Interuniversitario Nacional<\/a>&nbsp;(CIN) puntualiz\u00f3 que \u201clas transferencias a universidades nacionales&nbsp;<strong>registran una ca\u00edda real acumulada del 45,6% entre 2023 y 2026<\/strong>, lo que implica una reducci\u00f3n in\u00e9dita de los recursos disponibles para el funcionamiento del sistema universitario\u201d.<\/p>\n\n\n\n<p>El ajuste en el presupuesto universitario impacta de lleno en el bolsillo de los docentes y no docentes, ya que&nbsp;<mark>los salarios representan el 87,9% de las partidas<\/mark>&nbsp;destinadas a la educaci\u00f3n superior, seg\u00fan precis\u00f3 un informe de la Facultad de Ciencias Econ\u00f3micas de la Universidad Nacional del Litoral (UNL).<\/p>\n\n\n\n<p>Al puntualizar en el efecto experimentado en el \u00faltimo tiempo, detall\u00f3 que entre 2023 y 2025, los recursos destinados a&nbsp;<strong>sueldos docentes sufrieron una ca\u00edda real del 30,5%, mientras que para el personal no docente la reducci\u00f3n alcanz\u00f3 el 24,5%.<\/strong><\/p>\n\n\n\n<p>En este marco, el CIN indic\u00f3 que entre noviembre de 2023 y febrero de 2026, los salarios acumulan un incremento del 158%, mientras que la inflaci\u00f3n acumulada en el mismo per\u00edodo alcanza el 280%, lo que \u201cimplica una&nbsp;<strong>p\u00e9rdida de poder adquisitivo del orden del 32%\u201d.<\/strong><\/p>\n\n\n\n<p>Al respecto, describi\u00f3 que \u201cel deterioro sistem\u00e1tico del poder adquisitivo del salario equivale a la p\u00e9rdida de, aproximadamente, 7,3 salarios mensuales en el per\u00edodo considerado, tomando como base el salario de noviembre de 2023\u201d.<\/p>\n\n\n\n<p>Con este panorama, el Consejo advirti\u00f3 que en la actualidad, los salarios universitarios est\u00e1n en su \u201cnivel m\u00e1s bajo de los \u00faltimos 23 a\u00f1os y en uno de los niveles m\u00e1s bajos desde el retorno de la democracia\u201d.<\/p>\n\n\n\n<p>Para recuperar el poder adquisitivo perdido, los salarios universitarios \u201c<strong>deber\u00edan experimentar una recomposici\u00f3n del 47,3%<\/strong>&nbsp;respecto de los niveles vigentes a febrero de 2026\u201d, seg\u00fan calcul\u00f3 el CIN y pudo saber la&nbsp;<em><strong>Agencia Noticias Argentinas<\/strong><\/em>.<\/p>\n\n\n\n<p>Al respecto, explic\u00f3 que \u201cese porcentaje surge de la diferencia acumulada entre la evoluci\u00f3n de precios y salarios y representa el incremento necesario para equiparar la capacidad de compra del salario al nivel previo a la asunci\u00f3n del actual gobierno nacional\u201d.<\/p>\n\n\n\n<p>A pesar del evidenciado deterioro del presupuesto y los haberes universitarios, el Gobierno busca aprobar una nueva ley de financiamiento para la educaci\u00f3n superior que consolida los recortes de recursos y reemplaza a la normativa que est\u00e1 incumpliendo.<\/p>\n\n\n\n<p>De esta manera, el an\u00e1lisis de la Facultad de Ciencias Econ\u00f3micas de la UNL, alert\u00f3 que el presupuesto para 2026<strong>&nbsp;ser\u00eda un 31,4% menor al que exige la ley actual.<\/strong>&nbsp;Adem\u00e1s, se\u00f1al\u00f3 que la p\u00e9rdida salarial real de los docentes, que calcula en 35,7% (mayor a la del CIN),&nbsp;<strong>se podr\u00eda profundizar hasta alcanzar el 38% en agosto de 2026.<\/strong><\/p>\n\n\n\n<p>En este contexto, las universidades planean acentuar las medidas de fuerza&nbsp;<mark>con la paralizaci\u00f3n de las actividades<\/mark>, en todas las casas de estudios p\u00fablicas del pa\u00eds, durante la \u00faltima semana de abril, y con la convocatoria a una nueva Marcha Federal Universitaria para el martes 12 de mayo.__IP__<\/p>\n\n\n\n<p>Al anunciar la medida, desde la Federaci\u00f3n de Docentes de las Universidades (FEDUN) indicaron que \u201cla convocatoria surge ante la cr\u00edtica situaci\u00f3n que enfrenta el sistema universitario, con m\u00e1s de 17 meses consecutivos de p\u00e9rdida salarial, la falta de convocatoria a paritarias y el incumplimiento de la Ley de Financiamiento Universitario\u201d.<\/p>\n\n\n\n<p><a href=\"https:\/\/noticiasargentinas.com\/-agenciana_t6916e70a4551e78eb9423f59\">#AgenciaNA<\/a>&nbsp;<\/p>\n","protected":false},"excerpt":{"rendered":"<p>Los salarios universitarios&nbsp;acumulan una p\u00e9rdida de 32% del poder adquisitivo&nbsp;en lo que va de la gesti\u00f3n de&nbsp;Javier Milei, cayendo al&nbsp;menor nivel de los \u00faltimos 23 a\u00f1os, y para recomponerse&nbsp;necesitar\u00edan un incremento en torno al 50%. El deterioro del poder de compra de los sueldos en el \u00e1mbito de la educaci\u00f3n superior p\u00fablica se da en [&hellip;]<\/p>\n","protected":false},"author":2,"featured_media":55159,"comment_status":"closed","ping_status":"closed","sticky":false,"template":"","format":"standard","meta":{"footnotes":""},"categories":[56,44],"tags":[],"class_list":["post-55158","post","type-post","status-publish","format-standard","has-post-thumbnail","hentry","category-destacada","category-economia"],"_links":{"self":[{"href":"https:\/\/infoactual.com.ar\/index.php\/wp-json\/wp\/v2\/posts\/55158","targetHints":{"allow":["GET"]}}],"collection":[{"href":"https:\/\/infoactual.com.ar\/index.php\/wp-json\/wp\/v2\/posts"}],"about":[{"href":"https:\/\/infoactual.com.ar\/index.php\/wp-json\/wp\/v2\/types\/post"}],"author":[{"embeddable":true,"href":"https:\/\/infoactual.com.ar\/index.php\/wp-json\/wp\/v2\/users\/2"}],"replies":[{"embeddable":true,"href":"https:\/\/infoactual.com.ar\/index.php\/wp-json\/wp\/v2\/comments?post=55158"}],"version-history":[{"count":1,"href":"https:\/\/infoactual.com.ar\/index.php\/wp-json\/wp\/v2\/posts\/55158\/revisions"}],"predecessor-version":[{"id":55160,"href":"https:\/\/infoactual.com.ar\/index.php\/wp-json\/wp\/v2\/posts\/55158\/revisions\/55160"}],"wp:featuredmedia":[{"embeddable":true,"href":"https:\/\/infoactual.com.ar\/index.php\/wp-json\/wp\/v2\/media\/55159"}],"wp:attachment":[{"href":"https:\/\/infoactual.com.ar\/index.php\/wp-json\/wp\/v2\/media?parent=55158"}],"wp:term":[{"taxonomy":"category","embeddable":true,"href":"https:\/\/infoactual.com.ar\/index.php\/wp-json\/wp\/v2\/categories?post=55158"},{"taxonomy":"post_tag","embeddable":true,"href":"https:\/\/infoactual.com.ar\/index.php\/wp-json\/wp\/v2\/tags?post=55158"}],"curies":[{"name":"wp","href":"https:\/\/api.w.org\/{rel}","templated":true}]}}