{"id":55161,"date":"2026-04-27T07:58:44","date_gmt":"2026-04-27T10:58:44","guid":{"rendered":"https:\/\/infoactual.com.ar\/?p=55161"},"modified":"2026-04-27T07:58:47","modified_gmt":"2026-04-27T10:58:47","slug":"la-rural-cuestiona-las-decisiones-de-su-vicepresidente-en-la-gestion-fallida-de-sus-sistemas-informaticos","status":"publish","type":"post","link":"https:\/\/infoactual.com.ar\/index.php\/2026\/04\/27\/la-rural-cuestiona-las-decisiones-de-su-vicepresidente-en-la-gestion-fallida-de-sus-sistemas-informaticos\/","title":{"rendered":"La Rural cuestiona las decisiones de su vicepresidente en la gesti\u00f3n fallida de sus sistemas inform\u00e1ticos"},"content":{"rendered":"\n<p>La&nbsp;<strong>Sociedad Rural Argentina (SRA)<\/strong>&nbsp;<strong>cuestion\u00f3 las dificultades registradas en su sistema tecnol\u00f3gico<\/strong>, con una revisi\u00f3n profunda del proceso que dio origen a la situaci\u00f3n actual.<\/p>\n\n\n\n<p>En ese sentido,<strong>&nbsp;la entidad subraya que \u201cen todo momento la entidad ha registrado y se\u00f1alado los incumplimientos por parte del proveedor\u201d<\/strong>, los cuales \u2014seg\u00fan detalla\u2014 constan en diversas comunicaciones y \u201chan quedado reflejados en la auditor\u00eda externa que se est\u00e1 realizando a tal efecto\u201d.<\/p>\n\n\n\n<p>Asimismo, remarca un dato central:&nbsp;<strong>\u201cLa totalidad de las personas (directivos, ejecutivos y personal) que participaron en la concepci\u00f3n, dise\u00f1o e implementaci\u00f3n del sistema ya no se encuentran actualmente vinculadas a la entidad\u201d<\/strong>, habiendo cesado su relaci\u00f3n por decisi\u00f3n propia.<\/p>\n\n\n\n<p>En paralelo, la conducci\u00f3n actual advierte sobre una situaci\u00f3n que agrega tensi\u00f3n interna. Seg\u00fan expresa el documento, \u201cllama poderosamente la atenci\u00f3n que algunas personas que forman parte de esta Comisi\u00f3n Directiva pretendan tomar distancia de aquellas decisiones de las cuales han sido y siguen siendo part\u00edcipes\u201d, y agrega que resulta \u201ca\u00fan m\u00e1s grave y sintom\u00e1tico que alguien que es directivo formal termine tomando una posici\u00f3n contraria a nuestra entidad\u201d.<\/p>\n\n\n\n<p>Frente a este escenario, la SRA avanza con un plan concreto: \u201cla instituci\u00f3n se encuentra implementando un plan de contingencia con soluciones alternativas que aseguren el normal funcionamiento del sistema con la mayor celeridad posible\u201d, al tiempo que reafirma \u201csu compromiso con una administraci\u00f3n responsable, la mejora continua de sus procesos y la defensa de los intereses de sus socios\u201d.<\/p>\n\n\n\n<p><strong>El sistema tecnol\u00f3gico, concebido como eje del proceso de modernizaci\u00f3n institucional, evidenci\u00f3 inconsistencias en su desarrollo e implementaci\u00f3n<\/strong>. La propia entidad reconoce que las deficiencias incluyeron \u201cm\u00faltiples errores, fallas de funcionamiento, desarrollos comprometidos no realizados\u201d, as\u00ed como respuestas \u201cextempor\u00e1neas, parciales y defectuosas\u201d por parte del proveedor.<\/p>\n\n\n\n<p>El origen del proyecto se remonta al Plan Estrat\u00e9gico 2021, impulsado bajo la \u00f3rbita del entonces vicepresidente Marcos Pereda, junto a su equipo, donde se concentraron decisiones clave vinculadas al dise\u00f1o, presupuesto y ejecuci\u00f3n del proyecto.<\/p>\n\n\n\n<p>Seg\u00fan surge del propio documento institucional, el contrato se firm\u00f3 aun cuando el auditor legal hab\u00eda formulado \u201cobservaciones cr\u00edticas y advertencias sustanciales sobre su contenido, las cuales no fueron consideradas al momento de su firma\u201d.<\/p>\n\n\n\n<p>Con el correr de los meses, los desv\u00edos se fueron acumulando: incumplimientos en los plazos, entregas parciales y diferencias respecto de las prestaciones comprometidas. Incluso, se menciona que el proveedor lleg\u00f3 a enviar \u201cintimaciones improcedentes tendientes a reclamar pagos por prestaciones no cumplidas en su debido tiempo y forma\u201d.__IP__<\/p>\n\n\n\n<p>Hoy, la&nbsp;<strong>Sociedad Rural Argentina busca reencauzar la situaci\u00f3n con un mensaje claro: resolver hacia adelante y aprender de las decisiones del pasado<\/strong>.<\/p>\n\n\n\n<p><a href=\"https:\/\/noticiasargentinas.com\/-agenciana-_t6924a1398cf3e70993d4f848\">#AgenciaNA.<\/a>&nbsp;<\/p>\n","protected":false},"excerpt":{"rendered":"<p>La&nbsp;Sociedad Rural Argentina (SRA)&nbsp;cuestion\u00f3 las dificultades registradas en su sistema tecnol\u00f3gico, con una revisi\u00f3n profunda del proceso que dio origen a la situaci\u00f3n actual. En ese sentido,&nbsp;la entidad subraya que \u201cen todo momento la entidad ha registrado y se\u00f1alado los incumplimientos por parte del proveedor\u201d, los cuales \u2014seg\u00fan detalla\u2014 constan en diversas comunicaciones y \u201chan [&hellip;]<\/p>\n","protected":false},"author":2,"featured_media":55162,"comment_status":"closed","ping_status":"closed","sticky":false,"template":"","format":"standard","meta":{"footnotes":""},"categories":[44],"tags":[],"class_list":["post-55161","post","type-post","status-publish","format-standard","has-post-thumbnail","hentry","category-economia"],"_links":{"self":[{"href":"https:\/\/infoactual.com.ar\/index.php\/wp-json\/wp\/v2\/posts\/55161","targetHints":{"allow":["GET"]}}],"collection":[{"href":"https:\/\/infoactual.com.ar\/index.php\/wp-json\/wp\/v2\/posts"}],"about":[{"href":"https:\/\/infoactual.com.ar\/index.php\/wp-json\/wp\/v2\/types\/post"}],"author":[{"embeddable":true,"href":"https:\/\/infoactual.com.ar\/index.php\/wp-json\/wp\/v2\/users\/2"}],"replies":[{"embeddable":true,"href":"https:\/\/infoactual.com.ar\/index.php\/wp-json\/wp\/v2\/comments?post=55161"}],"version-history":[{"count":1,"href":"https:\/\/infoactual.com.ar\/index.php\/wp-json\/wp\/v2\/posts\/55161\/revisions"}],"predecessor-version":[{"id":55163,"href":"https:\/\/infoactual.com.ar\/index.php\/wp-json\/wp\/v2\/posts\/55161\/revisions\/55163"}],"wp:featuredmedia":[{"embeddable":true,"href":"https:\/\/infoactual.com.ar\/index.php\/wp-json\/wp\/v2\/media\/55162"}],"wp:attachment":[{"href":"https:\/\/infoactual.com.ar\/index.php\/wp-json\/wp\/v2\/media?parent=55161"}],"wp:term":[{"taxonomy":"category","embeddable":true,"href":"https:\/\/infoactual.com.ar\/index.php\/wp-json\/wp\/v2\/categories?post=55161"},{"taxonomy":"post_tag","embeddable":true,"href":"https:\/\/infoactual.com.ar\/index.php\/wp-json\/wp\/v2\/tags?post=55161"}],"curies":[{"name":"wp","href":"https:\/\/api.w.org\/{rel}","templated":true}]}}