{"id":5522,"date":"2021-08-19T12:11:39","date_gmt":"2021-08-19T15:11:39","guid":{"rendered":"http:\/\/infoactual.com.ar\/?p=5522"},"modified":"2021-08-19T12:11:40","modified_gmt":"2021-08-19T15:11:40","slug":"rodriguez-larreta-si-publican-el-video-porque-estamos-en-campana-no-se-cuan-arrepentidos-estan","status":"publish","type":"post","link":"https:\/\/infoactual.com.ar\/index.php\/2021\/08\/19\/rodriguez-larreta-si-publican-el-video-porque-estamos-en-campana-no-se-cuan-arrepentidos-estan\/","title":{"rendered":"RODR\u00cdGUEZ LARRETA: \u00abSI PUBLICAN EL VIDEO PORQUE ESTAMOS EN CAMPA\u00d1A, NO S\u00c9 CU\u00c1N ARREPENTIDOS EST\u00c1N\u00bb"},"content":{"rendered":"\n<p><strong>El jefe de Gobierno porte\u00f1o, Horacio&nbsp;Rodr\u00edguez Larreta, apunt\u00f3 nuevamente contra el presidente Alberto Fern\u00e1ndez por las fotos y videos de la fiesta de cumplea\u00f1os de la primera dama,&nbsp;Fabiola Ya\u00f1ez, celebrada en la Quinta de Olivos en julio de 2020 y, aunque se despeg\u00f3 la idea de un juicio pol\u00edtico, asegur\u00f3 que \u00absi los publican porque hay campa\u00f1a, no s\u00e9 cuan arrepentidos est\u00e1n\u00bb.<\/strong><\/p>\n\n\n\n<p>&nbsp; &nbsp;\u00abEl mejor juicio que puede haber es el de las urnas, en tres semanas tenemos elecciones y la gente va a evaluar, de la forma m\u00e1s clara, contundente y democr\u00e1tica, las acciones del Gobierno\u00bb, consider\u00f3 Rodr\u00edguez Larreta, en alusi\u00f3n al pedido de juicio pol\u00edtico impulsado por Juntos por el Cambio en el Congreso. Al dudar sobre el arrepentimiento del mandatario, el referente del PRO subray\u00f3. \u00abSi publican los videos es porque est\u00e1 la campa\u00f1a. As\u00ed, uno pone en duda cu\u00e1n arrepentidos est\u00e1n\u00bb.<\/p>\n\n\n\n<p>&nbsp;&nbsp; En ese sentido, el mandatario remarc\u00f3 que al video con el festejo de cumplea\u00f1os durante la cuarentena estricta \u00ablo deber\u00edan haber dicho y publicado al d\u00eda siguiente&nbsp;que sucedi\u00f3 si hubieran estado tan arrepentidos\u00bb.&nbsp;\u00abTodo el episodio me parece mal\u00bb, afirm\u00f3 el referente opositor en declaraciones radiales.<\/p>\n\n\n\n<p>&nbsp;&nbsp; Por otra parte, Rodr\u00edguez Larreta apunt\u00f3 contra la vicepresidenta, Cristina Kirchner, por haber sostenido en un acto junto al&nbsp;Jefe de Estado que la gesti\u00f3n de Cambiemos fue una \u00abrep\u00fablica de&nbsp;morondanga\u00bb. \u00abLa rep\u00fablica es la Rep\u00fablica Argentina; si a ella le parece&nbsp;que es una rep\u00fablica de morondanga, yo no estoy de acuerdo en lo&nbsp;m\u00e1s m\u00ednimo\u00bb, manifest\u00f3.<\/p>\n","protected":false},"excerpt":{"rendered":"<p>El jefe de Gobierno porte\u00f1o, Horacio&nbsp;Rodr\u00edguez Larreta, apunt\u00f3 nuevamente contra el presidente Alberto Fern\u00e1ndez por las fotos y videos de la fiesta de cumplea\u00f1os de la primera dama,&nbsp;Fabiola Ya\u00f1ez, celebrada en la Quinta de Olivos en julio de 2020 y, aunque se despeg\u00f3 la idea de un juicio pol\u00edtico, asegur\u00f3 que \u00absi los publican porque [&hellip;]<\/p>\n","protected":false},"author":2,"featured_media":5523,"comment_status":"open","ping_status":"open","sticky":false,"template":"","format":"standard","meta":{"footnotes":""},"categories":[43],"tags":[],"class_list":["post-5522","post","type-post","status-publish","format-standard","has-post-thumbnail","hentry","category-politica"],"_links":{"self":[{"href":"https:\/\/infoactual.com.ar\/index.php\/wp-json\/wp\/v2\/posts\/5522","targetHints":{"allow":["GET"]}}],"collection":[{"href":"https:\/\/infoactual.com.ar\/index.php\/wp-json\/wp\/v2\/posts"}],"about":[{"href":"https:\/\/infoactual.com.ar\/index.php\/wp-json\/wp\/v2\/types\/post"}],"author":[{"embeddable":true,"href":"https:\/\/infoactual.com.ar\/index.php\/wp-json\/wp\/v2\/users\/2"}],"replies":[{"embeddable":true,"href":"https:\/\/infoactual.com.ar\/index.php\/wp-json\/wp\/v2\/comments?post=5522"}],"version-history":[{"count":1,"href":"https:\/\/infoactual.com.ar\/index.php\/wp-json\/wp\/v2\/posts\/5522\/revisions"}],"predecessor-version":[{"id":5524,"href":"https:\/\/infoactual.com.ar\/index.php\/wp-json\/wp\/v2\/posts\/5522\/revisions\/5524"}],"wp:featuredmedia":[{"embeddable":true,"href":"https:\/\/infoactual.com.ar\/index.php\/wp-json\/wp\/v2\/media\/5523"}],"wp:attachment":[{"href":"https:\/\/infoactual.com.ar\/index.php\/wp-json\/wp\/v2\/media?parent=5522"}],"wp:term":[{"taxonomy":"category","embeddable":true,"href":"https:\/\/infoactual.com.ar\/index.php\/wp-json\/wp\/v2\/categories?post=5522"},{"taxonomy":"post_tag","embeddable":true,"href":"https:\/\/infoactual.com.ar\/index.php\/wp-json\/wp\/v2\/tags?post=5522"}],"curies":[{"name":"wp","href":"https:\/\/api.w.org\/{rel}","templated":true}]}}