{"id":55255,"date":"2026-04-29T10:01:20","date_gmt":"2026-04-29T13:01:20","guid":{"rendered":"https:\/\/infoactual.com.ar\/?p=55255"},"modified":"2026-04-29T10:01:23","modified_gmt":"2026-04-29T13:01:23","slug":"la-fuerte-acusacion-de-ubeda-tras-el-escandaloso-final-en-el-brasil","status":"publish","type":"post","link":"https:\/\/infoactual.com.ar\/index.php\/2026\/04\/29\/la-fuerte-acusacion-de-ubeda-tras-el-escandaloso-final-en-el-brasil\/","title":{"rendered":"La fuerte acusaci\u00f3n de \u00dabeda tras el escandaloso final en el Brasil"},"content":{"rendered":"\n<p>Tras el escandaloso final y&nbsp;<a href=\"https:\/\/noticiasargentinas.com\/deportes\/-copa-libertadores-en-vivo--boca-visita-al-cruzeiro-de-brasil--con-la-intencion-de-extender-su-gran-momento_a69f0c5c47825f88153736cfb\">consumada la derrota en Brasil<\/a>, Claudio \u00dabeda brind\u00f3 una conferencia de prensa y fue tajante al analizar el desempe\u00f1o de la terna arbitral durante el desarrollo del partido:&nbsp;<strong>\u00abEl \u00e1rbitro condicion\u00f3 mucho a Boca\u00bb<\/strong>.<\/p>\n\n\n\n<p>Seg\u00fan supo la&nbsp;<a href=\"https:\/\/noticiasargentinas.com\/deportes\"><strong>Agencia Noticias Argentinas<\/strong><\/a>, el t\u00e9cnico de Boca opin\u00f3 sobre&nbsp;<a href=\"https:\/\/noticiasargentinas.com\/deportes\/bareiro-se-fue-expulsado-en-boca-y-demoro-su-salida-en-un-cierre-caliente-del-primer-tiempo_a69f15eb97825f88153829b84\">la expulsi\u00f3n de Adam Bareiro durante el primer tiempo<\/a>: \u201c<strong>Nosotros vimos que no hab\u00eda sido para nada sancionable. El \u00e1rbitro decide sacar la segunda tarjeta amarilla y, cuando vemos la imagen detenida, ni siquiera hace un gesto de intentar pegar un golpe ni mucho menos.<\/strong>\u201d<\/p>\n\n\n\n<p><a href=\"https:\/\/noticiasargentinas.com\/deportes\/final-caliente-en-cruzeiro-boca--empujones-y-forcejeos-tras-el-pitazo-final_a69f16edc7825f8815383f1e3\">Respecto a los incidentes que marcaron el desenlace del compromiso, donde se produjeron empujones y discusiones entre ambos planteles<\/a>, \u00dabeda evit\u00f3 cuestionar la conducta de sus dirigidos. El t\u00e9cnico entendi\u00f3 que el desborde emocional fue una consecuencia directa de las provocaciones de los futbolistas del equipo de Belo Horizonte:&nbsp;<strong>\u00abEs una reacci\u00f3n l\u00f3gica cuando el rival te carga\u00bb<\/strong>.__IP__<\/p>\n\n\n\n<p>Por \u00faltimo, el entrenador argentino dej\u00f3 a la vista su malestar por el resultado, pese al planteo t\u00e1ctico realizado en inferioridad num\u00e9rica:&nbsp;<strong>\u201cMe da mucha bronca perder este tipo de partidos; los jugadores hicieron un esfuerzo tremendo y hab\u00edamos hecho un planteo inteligente. Ellos llegaron en el gol y en alguna aproximaci\u00f3n m\u00e1s, no mucho m\u00e1s que eso.\u201d<\/strong><\/p>\n\n\n\n<p><a href=\"https:\/\/noticiasargentinas.com\/-agenciana_t6916e70a4551e78eb9423f59\">#AgenciaNA<\/a>&nbsp;<\/p>\n","protected":false},"excerpt":{"rendered":"<p>Tras el escandaloso final y&nbsp;consumada la derrota en Brasil, Claudio \u00dabeda brind\u00f3 una conferencia de prensa y fue tajante al analizar el desempe\u00f1o de la terna arbitral durante el desarrollo del partido:&nbsp;\u00abEl \u00e1rbitro condicion\u00f3 mucho a Boca\u00bb. Seg\u00fan supo la&nbsp;Agencia Noticias Argentinas, el t\u00e9cnico de Boca opin\u00f3 sobre&nbsp;la expulsi\u00f3n de Adam Bareiro durante el primer [&hellip;]<\/p>\n","protected":false},"author":2,"featured_media":55256,"comment_status":"closed","ping_status":"closed","sticky":false,"template":"","format":"standard","meta":{"footnotes":""},"categories":[50],"tags":[],"class_list":["post-55255","post","type-post","status-publish","format-standard","has-post-thumbnail","hentry","category-deportes"],"_links":{"self":[{"href":"https:\/\/infoactual.com.ar\/index.php\/wp-json\/wp\/v2\/posts\/55255","targetHints":{"allow":["GET"]}}],"collection":[{"href":"https:\/\/infoactual.com.ar\/index.php\/wp-json\/wp\/v2\/posts"}],"about":[{"href":"https:\/\/infoactual.com.ar\/index.php\/wp-json\/wp\/v2\/types\/post"}],"author":[{"embeddable":true,"href":"https:\/\/infoactual.com.ar\/index.php\/wp-json\/wp\/v2\/users\/2"}],"replies":[{"embeddable":true,"href":"https:\/\/infoactual.com.ar\/index.php\/wp-json\/wp\/v2\/comments?post=55255"}],"version-history":[{"count":1,"href":"https:\/\/infoactual.com.ar\/index.php\/wp-json\/wp\/v2\/posts\/55255\/revisions"}],"predecessor-version":[{"id":55257,"href":"https:\/\/infoactual.com.ar\/index.php\/wp-json\/wp\/v2\/posts\/55255\/revisions\/55257"}],"wp:featuredmedia":[{"embeddable":true,"href":"https:\/\/infoactual.com.ar\/index.php\/wp-json\/wp\/v2\/media\/55256"}],"wp:attachment":[{"href":"https:\/\/infoactual.com.ar\/index.php\/wp-json\/wp\/v2\/media?parent=55255"}],"wp:term":[{"taxonomy":"category","embeddable":true,"href":"https:\/\/infoactual.com.ar\/index.php\/wp-json\/wp\/v2\/categories?post=55255"},{"taxonomy":"post_tag","embeddable":true,"href":"https:\/\/infoactual.com.ar\/index.php\/wp-json\/wp\/v2\/tags?post=55255"}],"curies":[{"name":"wp","href":"https:\/\/api.w.org\/{rel}","templated":true}]}}