{"id":5709,"date":"2021-08-24T13:58:35","date_gmt":"2021-08-24T16:58:35","guid":{"rendered":"http:\/\/infoactual.com.ar\/?p=5709"},"modified":"2021-08-24T13:58:36","modified_gmt":"2021-08-24T16:58:36","slug":"comienzan-los-juegos-paralimpicos-de-tokio-con-participacion-de-57-atletas-argentinos","status":"publish","type":"post","link":"https:\/\/infoactual.com.ar\/index.php\/2021\/08\/24\/comienzan-los-juegos-paralimpicos-de-tokio-con-participacion-de-57-atletas-argentinos\/","title":{"rendered":"COMIENZAN LOS JUEGOS PARAL\u00cdMPICOS DE TOKIO, CON PARTICIPACI\u00d3N DE 57 ATLETAS ARGENTINOS"},"content":{"rendered":"\n<p><strong>Los Juegos Paral\u00edmpicos de Tokio 2020 dar\u00e1n comienzo hoy en la ciudad japonesa con la participaci\u00f3n de 57 deportistas argentinos y se desarrollar\u00e1n hasta el 5 de septiembre pr\u00f3ximo.<\/strong><\/p>\n\n\n\n<p>&nbsp; &nbsp;La delegaci\u00f3n albiceleste tendr\u00e1 como abanderados en la inauguraci\u00f3n del evento deportivo a la atleta Yanina Mart\u00ednez y el judoca Fabi\u00e1n Ram\u00edrez.<\/p>\n\n\n\n<p>&nbsp;&nbsp; En relaci\u00f3n a los Juegos Ol\u00edmpicos que se llevaron a cabo semanas atr\u00e1s, Boccia y Goalball son las dos \u00fanicas disciplinas del programa paral\u00edmpico que no tuvieron competencia y s\u00ed la tendr\u00e1n a partir de este martes.<\/p>\n\n\n\n<p>&nbsp;&nbsp; Tokio albergar\u00e1 los Juegos Paral\u00edmpicos por segunda vez en la historia: ya ocurri\u00f3 en 1964, antes de que ambas modalidades de la cita m\u00e1xima del deporte se comenzaran a celebrar en las mismas ciudades desde 1988.<br>.<br>Los deportistas albicelestes que competir\u00e1n en Tokio:<br>.<br>Atletismo: Yanina Mart\u00ednez, Hern\u00e1n Barreto, Hern\u00e1n Urra, Brian Impellizzeri, Alexis Ch\u00e1vez, Gabriel Sosa, Pablo Gim\u00e9nez Reynoso, Antonella Ruiz D\u00edaz, Florencia Romero, Romina Fern\u00e1ndez, Mahira Bergallo y Aldana Ib\u00e1\u00f1ez.<br>.<br>Boccia: Stefan\u00eda Ferrando y el equipo BC1\/2 (Ail\u00e9n Flores, Mauricio Ibarbure, Jonatan Aquino y Luis Cristaldo)<br>.<br>Nataci\u00f3n: Daniela Gim\u00e9nez, Fernando Carlomagno, I\u00f1aki Basiloff, Mat\u00edas De Andrade, Diego Nicol\u00e1s Rivero, Lautaro Maidana Cancinos, Lucas Poggi, Analuz Pellitero, Nadia B\u00e1ez y Elizabeth Noriega<br>.<br>F\u00fatbol para ciegos: Selecci\u00f3n masculina.<br>.<br>Judo: Eduardo Gauto, Laura Gonz\u00e1lez y Fabi\u00e1n Ram\u00edrez Paracanotaje: Lucas D\u00edaz Aspiroz y Ariel Atama\u00f1uk Paraciclismo: Rodrigo L\u00f3pez, Mariela Delgado, Maximiliano G\u00f3mez y Sebasti\u00e1n Tolosa<br>.<br>Remo: Brenda Sard\u00f3n<br>.<br>Taekwondo: Juan Samorano<br>.<br>Tenis de mesa: Gabriel Copola, Mauro Depergola, Constanza Garrone, Ver\u00f3nica Blanco y Fernando Eberhardt<br>.<br>Tenis sobre silla de ruedas: Gustavo Fern\u00e1ndez, Florencia Moreno, Agust\u00edn Ledesma, Ezequiel Casco.<\/p>\n","protected":false},"excerpt":{"rendered":"<p>Los Juegos Paral\u00edmpicos de Tokio 2020 dar\u00e1n comienzo hoy en la ciudad japonesa con la participaci\u00f3n de 57 deportistas argentinos y se desarrollar\u00e1n hasta el 5 de septiembre pr\u00f3ximo. &nbsp; &nbsp;La delegaci\u00f3n albiceleste tendr\u00e1 como abanderados en la inauguraci\u00f3n del evento deportivo a la atleta Yanina Mart\u00ednez y el judoca Fabi\u00e1n Ram\u00edrez. &nbsp;&nbsp; En relaci\u00f3n [&hellip;]<\/p>\n","protected":false},"author":2,"featured_media":5710,"comment_status":"open","ping_status":"open","sticky":false,"template":"","format":"standard","meta":{"footnotes":""},"categories":[50],"tags":[],"class_list":["post-5709","post","type-post","status-publish","format-standard","has-post-thumbnail","hentry","category-deportes"],"_links":{"self":[{"href":"https:\/\/infoactual.com.ar\/index.php\/wp-json\/wp\/v2\/posts\/5709","targetHints":{"allow":["GET"]}}],"collection":[{"href":"https:\/\/infoactual.com.ar\/index.php\/wp-json\/wp\/v2\/posts"}],"about":[{"href":"https:\/\/infoactual.com.ar\/index.php\/wp-json\/wp\/v2\/types\/post"}],"author":[{"embeddable":true,"href":"https:\/\/infoactual.com.ar\/index.php\/wp-json\/wp\/v2\/users\/2"}],"replies":[{"embeddable":true,"href":"https:\/\/infoactual.com.ar\/index.php\/wp-json\/wp\/v2\/comments?post=5709"}],"version-history":[{"count":1,"href":"https:\/\/infoactual.com.ar\/index.php\/wp-json\/wp\/v2\/posts\/5709\/revisions"}],"predecessor-version":[{"id":5711,"href":"https:\/\/infoactual.com.ar\/index.php\/wp-json\/wp\/v2\/posts\/5709\/revisions\/5711"}],"wp:featuredmedia":[{"embeddable":true,"href":"https:\/\/infoactual.com.ar\/index.php\/wp-json\/wp\/v2\/media\/5710"}],"wp:attachment":[{"href":"https:\/\/infoactual.com.ar\/index.php\/wp-json\/wp\/v2\/media?parent=5709"}],"wp:term":[{"taxonomy":"category","embeddable":true,"href":"https:\/\/infoactual.com.ar\/index.php\/wp-json\/wp\/v2\/categories?post=5709"},{"taxonomy":"post_tag","embeddable":true,"href":"https:\/\/infoactual.com.ar\/index.php\/wp-json\/wp\/v2\/tags?post=5709"}],"curies":[{"name":"wp","href":"https:\/\/api.w.org\/{rel}","templated":true}]}}