{"id":584,"date":"2021-03-31T15:52:50","date_gmt":"2021-03-31T15:52:50","guid":{"rendered":"http:\/\/infoactual.com.ar\/?p=584"},"modified":"2021-03-31T15:52:51","modified_gmt":"2021-03-31T15:52:51","slug":"audiencia-publica-edenor-y-edesur-reclamaron-aumentos-tarifarios-de-entre-28-y-34","status":"publish","type":"post","link":"https:\/\/infoactual.com.ar\/index.php\/2021\/03\/31\/audiencia-publica-edenor-y-edesur-reclamaron-aumentos-tarifarios-de-entre-28-y-34\/","title":{"rendered":"AUDIENCIA P\u00daBLICA: EDENOR Y EDESUR RECLAMARON AUMENTOS TARIFARIOS DE ENTRE 28% Y 34%"},"content":{"rendered":"\n<p><strong>Las distribuidoras el\u00e9ctricas Edenor y Edesur reclamaron&nbsp; aumentos de tarifas de entre 28% y 34% para clientes residenciales, y de hasta 45% para el resto de los usuarios, en el marco de la audiencia p\u00fablica en la que se debati\u00f3 el ajuste que en forma transitoria regir\u00e1 hasta 2023.<\/strong><\/p>\n\n\n\n<p>&nbsp; &nbsp;Con la participaci\u00f3n virtual de unos 150 oradores, se llev\u00f3 a cabo la audiencia previa a la decisi\u00f3n que deber\u00e1 tomar el Gobierno respecto de los cuadros tarifarios de electricidad, congelados desde hace dos a\u00f1os.<\/p>\n\n\n\n<p>&nbsp;&nbsp; En caso de que el Ejecutivo no acceda a ajustar las tarifas, Edesur pidi\u00f3 subsidios por 34.260 millones de pesos para poder mantener el servicio, mientras que Edenor reclam\u00f3 unos 20.000 millones.<\/p>\n\n\n\n<p>&nbsp;&nbsp; En su intervenci\u00f3n en la audiencia, el presidente y CEO de Edenor, Ricardo Torres, puntualiz\u00f3 que \u00absi el requerimiento de fondos se trasladara exclusivamente a los clientes, el incremento ser\u00eda del 28% en promedio para los clientes residenciales\u00bb.<\/p>\n\n\n\n<p>&nbsp;&nbsp; El directivo asegur\u00f3 que el aumento promedio de todos los clientes de Edenor deber\u00eda llegar al 31% para poder mantener el servicio.<\/p>\n\n\n\n<p>&nbsp;&nbsp; \u00abRecordemos que en estos dos a\u00f1os los salarios subieron 90% y la inflaci\u00f3n super\u00f3 el 120%\u00bb, puntualiz\u00f3 Torres en su presentaci\u00f3n.<\/p>\n\n\n\n<p>&nbsp;&nbsp; Agreg\u00f3: \u00abTodos los ingresos de la compa\u00f1\u00eda se reinvirtieron.<\/p>\n\n\n\n<p>&nbsp;&nbsp;Entre 2013 y 2020 invirti\u00f3 en la red el\u00e9ctrica m\u00e1s de US$ 1.700 millones\u00bb.<\/p>\n\n\n\n<p>&nbsp;&nbsp; Asimismo, dijo que la distribuidora redujo la duraci\u00f3n de los cortes un 63% y la cantidad baj\u00f3 un 51,5% y precis\u00f3 que \u00abEdenor no distribuye dividendos a sus accionistas desde hace 20 a\u00f1os\u00bb.<\/p>\n\n\n\n<p>&nbsp;&nbsp; \u00abEdenor no tiene forma de mantener las operaciones sin fondos suficientes y por eso ha tenido que volver a endeudarse con el mercado el\u00e9ctrico mayorista desde hace un a\u00f1o\u00bb, puntualiz\u00f3.<\/p>\n\n\n\n<p>&nbsp;&nbsp; A su turno, el presidente de Edesur, Juan Carlos Blanco, plante\u00f3 la \u00abnecesidad de recomponer los recursos del sector el\u00e9ctrico\u00bb.<\/p>\n\n\n\n<p>&nbsp;&nbsp; Indic\u00f3 que el 66% de los clientes residenciales paga menos de $ 1.000 por mes.<\/p>\n\n\n\n<p>&nbsp;&nbsp; El directivo plante\u00f3 dos opciones para la recomposici\u00f3n de los cuadros tarifas: un ajuste a partir del 21 de abril y otro desde agosto.<\/p>\n\n\n\n<p>&nbsp;&nbsp; \u00abEl impacto en la tarifa residencial ser\u00eda del 34% y en el promedio del resto de las categor\u00edas del 45%. La segunda opci\u00f3n establece subsidios por un valor de $34.260 millones sin cambio de cuadro tarifario\u00bb, indic\u00f3.<\/p>\n\n\n\n<p>&nbsp;&nbsp; En otro orden, sostuvo que \u00abla calidad del suministro mostr\u00f3 una importante mejora entre el per\u00edodo marzo y febrero de 2017\/18 y contra marzo 2020 y febrero 2021\u00bb.<\/p>\n\n\n\n<p>&nbsp;&nbsp; Seg\u00fan datos auditados por el ENRE, se redujo la duraci\u00f3n de los cortes 59%, mientras que la frecuencia de los cortes cay\u00f3 40%.<\/p>\n\n\n\n<p>&nbsp;&nbsp; \u00abDe los \u00faltimos 20 a\u00f1os, el sector el\u00e9ctrico oper\u00f3 18 bajo emergencia\u00bb, sostuvo el dirigente y puntualiz\u00f3 que \u00abmientras las tarifas se mantuvieron congeladas, los salarios aumentaron un 82% entre marzo de 2019 y diciembre de 2020, la inflaci\u00f3n del consumidor fue del 95% y la inflaci\u00f3n mayorista trep\u00f3 a 121%\u00bb.<\/p>\n\n\n\n<p>&nbsp;&nbsp; Jimena Latorre, diputada nacional por Mendoza del radicalismo, sostuvo que con la audiencia el Gobierno \u00absolo quiere llegar a las elecciones con tarifas congeladas\u00bb.<\/p>\n\n\n\n<p>&nbsp;&nbsp; Se\u00f1al\u00f3 que \u00abeste avasallamiento institucional y normativo empez\u00f3 con la Ley de Emergencia 27.541 y la declaraci\u00f3n de Emergencia Energ\u00e9tica\u00bb.<\/p>\n\n\n\n<p>&nbsp;&nbsp; En cuanto a la intervenci\u00f3n, Latorre afirm\u00f3: \u00abHa excedido los plazos, sin mostrar resultados, para llegar as\u00ed a las pr\u00f3ximas elecciones con tarifas congeladas. No es m\u00e1s que una politizaci\u00f3n de los Entes que fiel al relato populista esconde la realidad s\u00f3lo para contener al votante\u00bb.<\/p>\n","protected":false},"excerpt":{"rendered":"<p>Las distribuidoras el\u00e9ctricas Edenor y Edesur reclamaron&nbsp; aumentos de tarifas de entre 28% y 34% para clientes residenciales, y de hasta 45% para el resto de los usuarios, en el marco de la audiencia p\u00fablica en la que se debati\u00f3 el ajuste que en forma transitoria regir\u00e1 hasta 2023. &nbsp; &nbsp;Con la participaci\u00f3n virtual de [&hellip;]<\/p>\n","protected":false},"author":2,"featured_media":585,"comment_status":"open","ping_status":"open","sticky":false,"template":"","format":"standard","meta":{"footnotes":""},"categories":[44],"tags":[48],"class_list":["post-584","post","type-post","status-publish","format-standard","has-post-thumbnail","hentry","category-economia","tag-destacada"],"_links":{"self":[{"href":"https:\/\/infoactual.com.ar\/index.php\/wp-json\/wp\/v2\/posts\/584","targetHints":{"allow":["GET"]}}],"collection":[{"href":"https:\/\/infoactual.com.ar\/index.php\/wp-json\/wp\/v2\/posts"}],"about":[{"href":"https:\/\/infoactual.com.ar\/index.php\/wp-json\/wp\/v2\/types\/post"}],"author":[{"embeddable":true,"href":"https:\/\/infoactual.com.ar\/index.php\/wp-json\/wp\/v2\/users\/2"}],"replies":[{"embeddable":true,"href":"https:\/\/infoactual.com.ar\/index.php\/wp-json\/wp\/v2\/comments?post=584"}],"version-history":[{"count":1,"href":"https:\/\/infoactual.com.ar\/index.php\/wp-json\/wp\/v2\/posts\/584\/revisions"}],"predecessor-version":[{"id":586,"href":"https:\/\/infoactual.com.ar\/index.php\/wp-json\/wp\/v2\/posts\/584\/revisions\/586"}],"wp:featuredmedia":[{"embeddable":true,"href":"https:\/\/infoactual.com.ar\/index.php\/wp-json\/wp\/v2\/media\/585"}],"wp:attachment":[{"href":"https:\/\/infoactual.com.ar\/index.php\/wp-json\/wp\/v2\/media?parent=584"}],"wp:term":[{"taxonomy":"category","embeddable":true,"href":"https:\/\/infoactual.com.ar\/index.php\/wp-json\/wp\/v2\/categories?post=584"},{"taxonomy":"post_tag","embeddable":true,"href":"https:\/\/infoactual.com.ar\/index.php\/wp-json\/wp\/v2\/tags?post=584"}],"curies":[{"name":"wp","href":"https:\/\/api.w.org\/{rel}","templated":true}]}}