{"id":58972,"date":"2026-08-24T08:26:46","date_gmt":"2026-08-24T11:26:46","guid":{"rendered":"https:\/\/infoactual.com.ar\/?p=58972"},"modified":"2026-08-24T08:26:47","modified_gmt":"2026-08-24T11:26:47","slug":"el-recinto-de-diputados-abre-sus-puertas-tras-mas-de-dos-meses-y-el-oficialismo-va-muy-confiado-a-la-sesion","status":"publish","type":"post","link":"https:\/\/infoactual.com.ar\/index.php\/2026\/08\/24\/el-recinto-de-diputados-abre-sus-puertas-tras-mas-de-dos-meses-y-el-oficialismo-va-muy-confiado-a-la-sesion\/","title":{"rendered":"El recinto de Diputados abre sus puertas tras m\u00e1s de dos meses y el oficialismo va muy confiado a la sesi\u00f3n"},"content":{"rendered":"\n<p class=\"wp-block-paragraph\">Tras m\u00e1s de dos meses cerrado, el recinto de la&nbsp;<strong>C\u00e1mara de Diputados&nbsp;<\/strong>abrir\u00e1 sus puertas el pr\u00f3ximo mi\u00e9rcoles, con el oficialismo calentando motores en un clima de optimismo de cara a la votaci\u00f3n de las&nbsp;<strong>reformas del Banco Central, Inocencia Fiscal y la adhesi\u00f3n al sistema internacional de patentes.&nbsp;<\/strong><\/p>\n\n\n\n<p class=\"wp-block-paragraph\"><strong>\u00abSer\u00e1 una sesi\u00f3n muy larga<\/strong>\u00ab, reconocieron altas fuentes de la Presidencia de la C\u00e1mara de Diputados a las que la&nbsp;<strong>Agencia Noticias Argentinas (NA)<\/strong>&nbsp;tuvo acceso, a prop\u00f3sito de la convocatoria a sesi\u00f3n especial a partir de las 12 del mediod\u00eda de este mi\u00e9rcoles.<\/p>\n\n\n\n<p class=\"wp-block-paragraph\">El temario es abultado y contrasta con las dificultades que tiene la jefa del bloque libertario en el Senado,&nbsp;<strong>Patricia Bullrich,<\/strong>&nbsp;para armar una agenda y mandar dict\u00e1menes cerrados al recinto.<\/p>\n\n\n\n<p class=\"wp-block-paragraph\">En la sesi\u00f3n de Diputados, adem\u00e1s de los tres proyectos que el Gobierno mand\u00f3 a la cancha, se tratar\u00e1 la&nbsp;<strong>reducci\u00f3n del IVA a la f\u00e9cula de mandioca&nbsp;<\/strong>a pedido de la provincia de Misiones, y tambi\u00e9n una serie de expedientes de car\u00e1cter simb\u00f3lico vinculados a la&nbsp;<strong>declaraci\u00f3n de capitales nacionales&nbsp;<\/strong>en distintos rubros de diferentes ciudades y provincias del pa\u00eds.<\/p>\n\n\n\n<p class=\"wp-block-paragraph\">Esta amplitud expresada en el temario habla de la cintura que tuvo el oficialismo, y en particular el presidente de la C\u00e1mara baja,<strong>&nbsp;Mart\u00edn Menem,<\/strong>&nbsp;para enviar se\u00f1ales de apertura hacia los aliados, que mantienen una relaci\u00f3n zigzagueante con el Gobierno.<\/p>\n\n\n\n<p class=\"wp-block-paragraph\">La derrota del oficialismo en el Senado, sumado a los inquietantes signos de alarma en la situaci\u00f3n econ\u00f3mica y la imagen en baja del presidente<strong>&nbsp;Javier Milei,&nbsp;<\/strong>anim\u00f3 a algunos gobernadores a manifestar visos de autonom\u00eda respecto a la Casa Rosada, como por ejemplo los de&nbsp;<strong>Catamarca, Tucum\u00e1n y Salta,&nbsp;<\/strong>cuyos senadores votaron en contra de la Ley de Inviolabilidad Privada.<\/p>\n\n\n\n<p class=\"wp-block-paragraph\">El mandatario de Misiones<strong>, Hugo Passalacqua,<\/strong>&nbsp;fue clave para que se cayera el cap\u00edtulo sobre Manejo del Fuego, y luego de romper con todo resabio del poder que&nbsp;<strong>Carlos Rovira<\/strong>&nbsp;ejerci\u00f3 con mano de hierro durante d\u00e9cadas sobre la fuerza provincial, logr\u00f3 cohesionar a los bloques de ambas c\u00e1maras del Congreso nacional y los puso bajo su \u00f3rbita.<\/p>\n\n\n\n<p class=\"wp-block-paragraph\">Pese a estos movimientos intranquilizadores para la secretaria general de la Presidencia<strong>, Karina Milei,&nbsp;<\/strong>y para el ministro de Interior,&nbsp;<strong>Diego Santilli,<\/strong>&nbsp;en la C\u00e1mara de Diputados&nbsp;<strong>Menem parece tener la situaci\u00f3n bajo control,<\/strong>&nbsp;ya que no hay indicios de que pueda surgir una derrota coyuntural el pr\u00f3ximo mi\u00e9rcoles con ninguno de los temas que estar\u00e1n en la palestra.<\/p>\n\n\n\n<h4 class=\"wp-block-heading\">La reforma del Banco Central<\/h4>\n\n\n\n<p class=\"wp-block-paragraph\">La iniciativa, definida por el propio Milei como \u00abla m\u00e1s importante\u00bb de esta etapa de su gobierno, busca consolidar a nivel normativo lo que considera una batalla cultural ganada: que est\u00e1 mal imprimir moneda sin respaldo y que la emisi\u00f3n cero es un principio innegociable.<\/p>\n\n\n\n<p class=\"wp-block-paragraph\">En este marco,&nbsp;<strong>se proh\u00edben los adelantos transitorios al Tesoro, los pr\u00e9stamos a las provincias, el uso de letras intransferibles y se limita la transferencia de utilidades a ganancias reales obtenidas por la entidad.<\/strong><\/p>\n\n\n\n<p class=\"wp-block-paragraph\"><strong>El proyecto elimina la multiplicidad de prop\u00f3sitos que se adjudicaba el Banco Central a trav\u00e9s de su Carta Org\u00e1nica y mantiene como \u00fanico mandato el de preservaci\u00f3n del valor de la moneda, prohibiendo el financiamiento del Tesoro.<\/strong><\/p>\n\n\n\n<p class=\"wp-block-paragraph\">\u00abVolver al mandato \u00fanico implica principalmente reconocer la naturaleza monetaria de la inflaci\u00f3n. La inflaci\u00f3n es siempre y en todo lugar un fen\u00f3meno monetario generado por un exceso de oferta que conlleva una p\u00e9rdida del poder adquisitivo del dinero. No debiera ser tarea del Banco Central ocuparse de otros objetivos\u00bb, se indica.<\/p>\n\n\n\n<p class=\"wp-block-paragraph\">\u00abDe esta forma se remueven del elenco de atribuciones del Directorio las funciones de orientaci\u00f3n del cr\u00e9dito hacia destinos determinados y las pol\u00edticas crediticias diferenciadas, propias de la banca de fomento y ajenas a la misi\u00f3n de una autoridad monetaria, cuya persecuci\u00f3n por la v\u00eda de la emisi\u00f3n o de la regulaci\u00f3n distorsiva ha demostrado ser ineficaz para sus fines declarados y lesiva para la preservaci\u00f3n del valor de la moneda\u00bb, explica el proyecto.<\/p>\n\n\n\n<p class=\"wp-block-paragraph\">Por otra parte, se busca&nbsp;<strong>fortalecer la independencia del Banco Central<\/strong>, por ejemplo endureciendo los requisitos para remover al presidente y a los directores del organismo, exigiendo una mayor\u00eda de dos tercios en ambas c\u00e1maras del Congreso nacional para blindarlos de los cambios en los gobiernos.<\/p>\n\n\n\n<h4 class=\"wp-block-heading\">Nueva ley de Inocencia Fiscal&nbsp;<\/h4>\n\n\n\n<p class=\"wp-block-paragraph\">El proyecto, que modifica aspectos de la ley 27.799 de&nbsp;<a href=\"https:\/\/noticiasargentinas.com\/politica\/lla-consiguio-dictamen-para-tratar-inocencia-fiscal-ll--los-funcionarios-no-podran-adherir-al-regimen_a6a7c92d7e7aaa8968da59089\">Inocencia Fiscal<\/a>, ampl\u00eda el universo de contribuyentes que podr\u00e1n adherir al R\u00e9gimen Simplificado del Impuesto a las Ganancias, al permitir que&nbsp;<strong>todas las personas humanas y sucesiones indivisas residentes en el pa\u00eds<\/strong>&nbsp;puedan optar por esa modalidad, sin topes de ning\u00fan tipo en cuanto a ingresos y patrimonio.<\/p>\n\n\n\n<p class=\"wp-block-paragraph\">En la actualidad pod\u00edan solo adherirse los que tengan un ingreso anual de&nbsp;<strong>$1.000 millones<\/strong>&nbsp;y un patrimonio de hasta&nbsp;<strong>$10.000 millones.<\/strong><\/p>\n\n\n\n<p class=\"wp-block-paragraph\">La nueva iniciativa tambi\u00e9n extiende el plazo para acceder a los beneficios hasta el 31 de diciembre de 2027.<\/p>\n\n\n\n<p class=\"wp-block-paragraph\">Otro punto clave es que se mantienen las&nbsp;<strong>facultades de fiscalizaci\u00f3n de ARCA<\/strong>&nbsp;<strong>sobre los contribuyentes de mayor capacidad econ\u00f3mica o relevancia recaudatoria.<\/strong><\/p>\n\n\n\n<p class=\"wp-block-paragraph\">En ese contexto, se redefine el concepto de&nbsp;<strong>\u00abdiscrepancia significativa\u00bb<\/strong>, que es el criterio que habilita a ARCA a impugnar una declaraci\u00f3n jurada simplificada y revisar las declaraciones del Impuesto a las Ganancias.<\/p>\n\n\n\n<p class=\"wp-block-paragraph\">Esa discrepancia se configurar\u00e1 cuando la impugnaci\u00f3n arroje un incremento del impuesto determinado o una reducci\u00f3n de quebrantos no inferior al 15 % respecto de lo declarado por el contribuyente.<\/p>\n\n\n\n<p class=\"wp-block-paragraph\">En tanto, se establece que los contribuyentes que adhieran a este r\u00e9gimen simplificado deber\u00e1n realizar sus operaciones a trav\u00e9s del sistema financiero formal, utilizando medios autorizados por el Banco Central (BCRA) o la Comisi\u00f3n Nacional de Valores (CNV).&nbsp;<\/p>\n\n\n\n<p class=\"wp-block-paragraph\">En cuanto a los \u00faltimos cambios aplicados en el dictamen, se acord\u00f3 reducir un 25% las multas por infracciones formales a las peque\u00f1as y medianas empresas (PyMEs).<\/p>\n\n\n\n<h4 class=\"wp-block-heading\">Ley de adhesi\u00f3n al tratado de patentes<\/h4>\n\n\n\n<p class=\"wp-block-paragraph\">El&nbsp;<strong>PCT&nbsp;<\/strong>(Patent Cooperation Treaty) es un sistema internacional -al cual ya adhirieron&nbsp;<strong>158 pa\u00edses del mundo<\/strong>&#8211; que permite simplificar el registro de patentes a trav\u00e9s de un formulario de solicitud unificado.<\/p>\n\n\n\n<p class=\"wp-block-paragraph\">Se trata de una suerte de mercado com\u00fan de patentes que presenta oportunidades para investigadores y empresas argentinas para acceder m\u00e1s f\u00e1cilmente a otros pa\u00edses y comercializar sus desarrollos y productos.<\/p>\n\n\n\n<p class=\"wp-block-paragraph\">Sin embargo, tambi\u00e9n contrae&nbsp;<strong>riesgos insoslayables,<\/strong>&nbsp;porque la adhesi\u00f3n argentina al tratado de cooperaci\u00f3n internacional tambi\u00e9n permitir\u00e1 que multinacionales extranjeras puedan patentar con mayor facilidad y de esa manera perjudicar a la competencia local, encareciendo los costos para el sistema de salud.<\/p>\n\n\n\n<p class=\"wp-block-paragraph\"><strong>El patentamiento de medicamentos estadounidenses podr\u00eda perjudicar o retrasar la producci\u00f3n de gen\u00e9ricos de laboratorios nacionales, que comercializan drogas a valores considerablemente m\u00e1s bajos.<\/strong><\/p>\n\n\n\n<p class=\"wp-block-paragraph\">Esa situaci\u00f3n podr\u00eda eventualmente trasladar parte de esos costos al sistema de salud y encarecer el acceso a medicamentos para la poblaci\u00f3n en general.<\/p>\n\n\n\n<p class=\"wp-block-paragraph\">Finalmente, el Gobierno resolvi\u00f3 dejar en reserva el cap\u00edtulo II del tratado, de manera tal que&nbsp;<strong>Argentina adherir\u00e1 al sistema internacional de patentes, pero mantendr\u00e1 el control local sobre ciertos instrumentos de evaluaci\u00f3n t\u00e9cnica y patentamiento de medicamentos.<\/strong><\/p>\n\n\n\n<p class=\"wp-block-paragraph\">Agencia NA<\/p>\n","protected":false},"excerpt":{"rendered":"<p>Tras m\u00e1s de dos meses cerrado, el recinto de la&nbsp;C\u00e1mara de Diputados&nbsp;abrir\u00e1 sus puertas el pr\u00f3ximo mi\u00e9rcoles, con el oficialismo calentando motores en un clima de optimismo de cara a la votaci\u00f3n de las&nbsp;reformas del Banco Central, Inocencia Fiscal y la adhesi\u00f3n al sistema internacional de patentes.&nbsp; \u00abSer\u00e1 una sesi\u00f3n muy larga\u00ab, reconocieron altas fuentes [&hellip;]<\/p>\n","protected":false},"author":2,"featured_media":58973,"comment_status":"closed","ping_status":"closed","sticky":false,"template":"","format":"standard","meta":{"footnotes":""},"categories":[56,43],"tags":[],"class_list":["post-58972","post","type-post","status-publish","format-standard","has-post-thumbnail","hentry","category-destacada","category-politica"],"_links":{"self":[{"href":"https:\/\/infoactual.com.ar\/index.php\/wp-json\/wp\/v2\/posts\/58972","targetHints":{"allow":["GET"]}}],"collection":[{"href":"https:\/\/infoactual.com.ar\/index.php\/wp-json\/wp\/v2\/posts"}],"about":[{"href":"https:\/\/infoactual.com.ar\/index.php\/wp-json\/wp\/v2\/types\/post"}],"author":[{"embeddable":true,"href":"https:\/\/infoactual.com.ar\/index.php\/wp-json\/wp\/v2\/users\/2"}],"replies":[{"embeddable":true,"href":"https:\/\/infoactual.com.ar\/index.php\/wp-json\/wp\/v2\/comments?post=58972"}],"version-history":[{"count":1,"href":"https:\/\/infoactual.com.ar\/index.php\/wp-json\/wp\/v2\/posts\/58972\/revisions"}],"predecessor-version":[{"id":58974,"href":"https:\/\/infoactual.com.ar\/index.php\/wp-json\/wp\/v2\/posts\/58972\/revisions\/58974"}],"wp:featuredmedia":[{"embeddable":true,"href":"https:\/\/infoactual.com.ar\/index.php\/wp-json\/wp\/v2\/media\/58973"}],"wp:attachment":[{"href":"https:\/\/infoactual.com.ar\/index.php\/wp-json\/wp\/v2\/media?parent=58972"}],"wp:term":[{"taxonomy":"category","embeddable":true,"href":"https:\/\/infoactual.com.ar\/index.php\/wp-json\/wp\/v2\/categories?post=58972"},{"taxonomy":"post_tag","embeddable":true,"href":"https:\/\/infoactual.com.ar\/index.php\/wp-json\/wp\/v2\/tags?post=58972"}],"curies":[{"name":"wp","href":"https:\/\/api.w.org\/{rel}","templated":true}]}}