{"id":590,"date":"2021-03-31T16:03:05","date_gmt":"2021-03-31T16:03:05","guid":{"rendered":"http:\/\/infoactual.com.ar\/?p=590"},"modified":"2021-03-31T16:03:07","modified_gmt":"2021-03-31T16:03:07","slug":"cardona-esta-casi-descartado-para-jugar-ante-defensa-y-justicia","status":"publish","type":"post","link":"https:\/\/infoactual.com.ar\/index.php\/2021\/03\/31\/cardona-esta-casi-descartado-para-jugar-ante-defensa-y-justicia\/","title":{"rendered":"CARDONA EST\u00c1 CASI DESCARTADO PARA JUGAR ANTE DEFENSA Y JUSTICIA"},"content":{"rendered":"\n<p><strong>El mediocampista Edwin Cardona est\u00e1 pr\u00e1cticamente descartado para regresar al equipo titular de Boca que el pr\u00f3ximo s\u00e1bado a las 18:30 recibir\u00e1 a Defensa y Justicia por la octava fecha de la Copa de la Liga Profesional de F\u00fatbol.<\/strong><\/p>\n\n\n\n<p>&nbsp; &nbsp;El futbolista colombiano fue exigido en el ensayo del martes y en el de este mi\u00e9rcoles, pero a\u00fan no se encuentra al cien por cien, por lo cual el entrenador Miguel \u00c1ngel Russo tendr\u00eda decidido no arriesgarlo.<\/p>\n\n\n\n<p>&nbsp;&nbsp; Cardona no juega desde el pasado 11 de marzo, cuando sufri\u00f3 una lesi\u00f3n muscular grado dos en el recto anterior de la pierna izquierda antes del Supercl\u00e1sico frente a River.<\/p>\n\n\n\n<p>&nbsp;&nbsp; En tanto, el delantero Mauro Z\u00e1rate podr\u00eda reemplazar a Gonzalo Maroni en el once titular, mientras que otro que se&nbsp;meter\u00eda en el equipo que recibir\u00e1 a Defensa y Justicia es Alan&nbsp;Varela, quien tiene chances de ingresar para jugar por Jorman Campuzano.<\/p>\n\n\n\n<p>&nbsp;&nbsp; Por su parte, Cristian Medina pelear\u00eda por el puesto con Agust\u00edn Almendra.<\/p>\n\n\n\n<p>&nbsp;&nbsp; Si bien a\u00fan Russo no dio indicios acerca del equipo, los once que jugar\u00edan ante Defensa y Justicia ser\u00edan&nbsp;&nbsp;Esteban Andrada; Carlos Zambrano, Carlos Izquierdoz, Marcos Rojo; Nicol\u00e1s Capaldo, Jorman Campuzano o Alan Varela, Cristian Medina o Agust\u00edn Almendra; Mauro Z\u00e1rate, Carlos Tevez y Sebasti\u00e1n Villa.<\/p>\n\n\n\n<p>&nbsp;&nbsp; Por otro lado, trascendi\u00f3 que el Valladolid de Espa\u00f1a ejecutar\u00eda la compra del lateral izquierdo Lucas Olaza en 4 millones de euros, que ser\u00edan pagados a Boca en varias cuotas y se quedar\u00eda con el jugador que estaba a pr\u00e9stamo.<\/p>\n\n\n\n<p>&nbsp;&nbsp; Adem\u00e1s, a Boca tambi\u00e9n le ingresar\u00eda dinero por el mediocampista Iv\u00e1n Marcone, a pr\u00e9stamo en el Elche de Espa\u00f1a hasta el final de la temporada: el club ib\u00e9rico tiene una obligaci\u00f3n de compra si es que el futbolista disputa m\u00e1s de cinco partidos.<\/p>\n\n\n\n<p>&nbsp;&nbsp; Marcone ya jug\u00f3 m\u00e1s de cinco encuentros, por lo cual trascendi\u00f3 que la entidad de La Ribera recibir\u00e1 5 millones de euros: ese dinero ser\u00eda destinado para los refuerzos que Boca buscar\u00eda despu\u00e9s de junio.<\/p>\n","protected":false},"excerpt":{"rendered":"<p>El mediocampista Edwin Cardona est\u00e1 pr\u00e1cticamente descartado para regresar al equipo titular de Boca que el pr\u00f3ximo s\u00e1bado a las 18:30 recibir\u00e1 a Defensa y Justicia por la octava fecha de la Copa de la Liga Profesional de F\u00fatbol. &nbsp; &nbsp;El futbolista colombiano fue exigido en el ensayo del martes y en el de este [&hellip;]<\/p>\n","protected":false},"author":2,"featured_media":591,"comment_status":"open","ping_status":"open","sticky":false,"template":"","format":"standard","meta":{"footnotes":""},"categories":[50],"tags":[],"class_list":["post-590","post","type-post","status-publish","format-standard","has-post-thumbnail","hentry","category-deportes"],"_links":{"self":[{"href":"https:\/\/infoactual.com.ar\/index.php\/wp-json\/wp\/v2\/posts\/590","targetHints":{"allow":["GET"]}}],"collection":[{"href":"https:\/\/infoactual.com.ar\/index.php\/wp-json\/wp\/v2\/posts"}],"about":[{"href":"https:\/\/infoactual.com.ar\/index.php\/wp-json\/wp\/v2\/types\/post"}],"author":[{"embeddable":true,"href":"https:\/\/infoactual.com.ar\/index.php\/wp-json\/wp\/v2\/users\/2"}],"replies":[{"embeddable":true,"href":"https:\/\/infoactual.com.ar\/index.php\/wp-json\/wp\/v2\/comments?post=590"}],"version-history":[{"count":1,"href":"https:\/\/infoactual.com.ar\/index.php\/wp-json\/wp\/v2\/posts\/590\/revisions"}],"predecessor-version":[{"id":592,"href":"https:\/\/infoactual.com.ar\/index.php\/wp-json\/wp\/v2\/posts\/590\/revisions\/592"}],"wp:featuredmedia":[{"embeddable":true,"href":"https:\/\/infoactual.com.ar\/index.php\/wp-json\/wp\/v2\/media\/591"}],"wp:attachment":[{"href":"https:\/\/infoactual.com.ar\/index.php\/wp-json\/wp\/v2\/media?parent=590"}],"wp:term":[{"taxonomy":"category","embeddable":true,"href":"https:\/\/infoactual.com.ar\/index.php\/wp-json\/wp\/v2\/categories?post=590"},{"taxonomy":"post_tag","embeddable":true,"href":"https:\/\/infoactual.com.ar\/index.php\/wp-json\/wp\/v2\/tags?post=590"}],"curies":[{"name":"wp","href":"https:\/\/api.w.org\/{rel}","templated":true}]}}