{"id":59248,"date":"2026-08-30T01:18:00","date_gmt":"2026-08-30T04:18:00","guid":{"rendered":"https:\/\/infoactual.com.ar\/?p=59248"},"modified":"2026-08-28T13:19:46","modified_gmt":"2026-08-28T16:19:46","slug":"el-dibu-martinez-tendria-todo-cerrado-para-dejar-el-aston-villa-y-unirse-al-chelsea","status":"publish","type":"post","link":"https:\/\/infoactual.com.ar\/index.php\/2026\/08\/30\/el-dibu-martinez-tendria-todo-cerrado-para-dejar-el-aston-villa-y-unirse-al-chelsea\/","title":{"rendered":"El \u201cDibu\u201d Mart\u00ednez tendr\u00eda todo cerrado para dejar el Aston Villa y unirse al Chelsea"},"content":{"rendered":"\n<p class=\"wp-block-paragraph\">El arquero de la selecci\u00f3n argentina,&nbsp;<strong>Emiliano \u00abDibu\u00bb Mart\u00ednez, tendr\u00eda todo cerrado en un acuerdo de palabra para ser el nuevo guardi\u00e1n del arco del Chelsea<\/strong>, el cual terminar\u00e1 de sellar su pase con el Aston Villa en los pr\u00f3ximos d\u00edas.<\/p>\n\n\n\n<p class=\"wp-block-paragraph\">El oriundo de Mar del Plata y excampe\u00f3n del mundo en Qatar 2022&nbsp;<strong>dejar\u00e1 a los \u00abVillanos\u00bb por un monto de 7.5 millones de euros,<\/strong>&nbsp;adem\u00e1s de aceptar los requisitos exigidos por el club de Londres, donde firmar\u00e1&nbsp;<strong>un contrato por dos a\u00f1os hasta 2028 y la opci\u00f3n de renovaci\u00f3n por un a\u00f1o m\u00e1s.<\/strong><\/p>\n\n\n\n<p class=\"wp-block-paragraph\">El mercado de pases europeo est\u00e1 en horas decisivas con respecto a varios nombres de futbolistas argentinos; en este caso,&nbsp;<strong>Emiliano Mart\u00ednez, quien tuvo varios coqueteos en los anteriores libros de transferencias con respecto a su salida del Aston Villa.<\/strong><\/p>\n\n\n\n<p class=\"wp-block-paragraph\"><strong>En esta ventana estuvo muy cerca de irse a la Juventus o, en a\u00f1os anteriores, pudo marcharse al Manchester United.<\/strong>&nbsp;En estas dos ocasiones los pases quedaron en la nada, debido a que, a \u00faltimo momento, entre los clubes no llegaron a un acuerdo econ\u00f3mico y el pase se ca\u00eda r\u00e1pidamente, dejando que el arquero argentino continuara en el club de Birmingham.<\/p>\n\n\n\n<p class=\"wp-block-paragraph\">Hace algunas semanas, lleg\u00f3 a Birmingham&nbsp;<strong>el arquero japon\u00e9s Zion Suzuki para hacerse la revisi\u00f3n m\u00e9dica y firmar a cambio de 35 millones de euros, convirti\u00e9ndose en el reemplazo natural ante la presunta salida de Emiliano.<\/strong>&nbsp;Lleg\u00f3 desde el Parma tras caerse el traspaso al Paris Saint-Germain.<\/p>\n\n\n\n<p class=\"wp-block-paragraph\"><strong>Esto hizo que el Aston diera luz verde para la salida del argentino, ya que tendr\u00eda que tenerlo en el banco debido a la contrataci\u00f3n del japon\u00e9s<\/strong>&nbsp;para reemplazarlo en su puesto.<\/p>\n\n\n\n<p class=\"wp-block-paragraph\">El club italiano&nbsp;<strong>se baj\u00f3 de las negociaciones por el argentino tras ponerse firme en no pagar lo pretendido por el Aston Villa<\/strong>; adem\u00e1s de haber&nbsp;<strong>cerrado al arquero del Tottenham, Guglielmo Vicario, mediante un pr\u00e9stamo con opci\u00f3n de compra. El club exig\u00eda la suma de m\u00e1s de 10 millones de euros en un solo pago.&nbsp;<\/strong><\/p>\n\n\n\n<p class=\"wp-block-paragraph\">A mediados de 2025,&nbsp;<strong>Mart\u00ednez fue protagonista de un escandaloso mercado de pases tras haberse despedido de los hinchas de los \u00abVillanos\u00bb al clasificarse a la Champions League al final de la temporada, debido a que ten\u00eda todo casi cerrado con el Manchester United<\/strong>.<\/p>\n\n\n\n<p class=\"wp-block-paragraph\"><strong>Pero d\u00edas m\u00e1s tarde los \u00abDiablos Rojos\u00bb cancelaron el fichaje por no ponerse de acuerdo en los t\u00e9rminos econ\u00f3micos<\/strong>; finalmente incorporaron por 21 millones de euros al belga Senne Lammens.<\/p>\n\n\n\n<p class=\"wp-block-paragraph\">Agencia NA<\/p>\n","protected":false},"excerpt":{"rendered":"<p>El arquero de la selecci\u00f3n argentina,&nbsp;Emiliano \u00abDibu\u00bb Mart\u00ednez, tendr\u00eda todo cerrado en un acuerdo de palabra para ser el nuevo guardi\u00e1n del arco del Chelsea, el cual terminar\u00e1 de sellar su pase con el Aston Villa en los pr\u00f3ximos d\u00edas. El oriundo de Mar del Plata y excampe\u00f3n del mundo en Qatar 2022&nbsp;dejar\u00e1 a los [&hellip;]<\/p>\n","protected":false},"author":2,"featured_media":59249,"comment_status":"closed","ping_status":"closed","sticky":false,"template":"","format":"standard","meta":{"footnotes":""},"categories":[50],"tags":[],"class_list":["post-59248","post","type-post","status-publish","format-standard","has-post-thumbnail","hentry","category-deportes"],"_links":{"self":[{"href":"https:\/\/infoactual.com.ar\/index.php\/wp-json\/wp\/v2\/posts\/59248","targetHints":{"allow":["GET"]}}],"collection":[{"href":"https:\/\/infoactual.com.ar\/index.php\/wp-json\/wp\/v2\/posts"}],"about":[{"href":"https:\/\/infoactual.com.ar\/index.php\/wp-json\/wp\/v2\/types\/post"}],"author":[{"embeddable":true,"href":"https:\/\/infoactual.com.ar\/index.php\/wp-json\/wp\/v2\/users\/2"}],"replies":[{"embeddable":true,"href":"https:\/\/infoactual.com.ar\/index.php\/wp-json\/wp\/v2\/comments?post=59248"}],"version-history":[{"count":1,"href":"https:\/\/infoactual.com.ar\/index.php\/wp-json\/wp\/v2\/posts\/59248\/revisions"}],"predecessor-version":[{"id":59250,"href":"https:\/\/infoactual.com.ar\/index.php\/wp-json\/wp\/v2\/posts\/59248\/revisions\/59250"}],"wp:featuredmedia":[{"embeddable":true,"href":"https:\/\/infoactual.com.ar\/index.php\/wp-json\/wp\/v2\/media\/59249"}],"wp:attachment":[{"href":"https:\/\/infoactual.com.ar\/index.php\/wp-json\/wp\/v2\/media?parent=59248"}],"wp:term":[{"taxonomy":"category","embeddable":true,"href":"https:\/\/infoactual.com.ar\/index.php\/wp-json\/wp\/v2\/categories?post=59248"},{"taxonomy":"post_tag","embeddable":true,"href":"https:\/\/infoactual.com.ar\/index.php\/wp-json\/wp\/v2\/tags?post=59248"}],"curies":[{"name":"wp","href":"https:\/\/api.w.org\/{rel}","templated":true}]}}