{"id":593,"date":"2021-04-01T14:24:38","date_gmt":"2021-04-01T14:24:38","guid":{"rendered":"http:\/\/infoactual.com.ar\/?p=593"},"modified":"2021-04-01T14:24:39","modified_gmt":"2021-04-01T14:24:39","slug":"moroni-sobre-el-conflicto-de-walmart-con-camioneros-no-hay-ninguna-norma-que-obligue-a-la-empresa-a-pagar","status":"publish","type":"post","link":"https:\/\/infoactual.com.ar\/index.php\/2021\/04\/01\/moroni-sobre-el-conflicto-de-walmart-con-camioneros-no-hay-ninguna-norma-que-obligue-a-la-empresa-a-pagar\/","title":{"rendered":"MORONI, SOBRE EL CONFLICTO DE WALMART CON CAMIONEROS: \u00abNO HAY NINGUNA NORMA QUE OBLIGUE A LA EMPRESA A PAGAR\u00bb"},"content":{"rendered":"\n<p><strong>El ministro de Trabajo, Claudio Moroni, consider\u00f3 hoy que la disputa entre Walmart y el Sindicato de Camioneros es un \u00abconflicto de intereses\u00bb, pero aclar\u00f3 que \u00abno hay ninguna norma que obligue a la empresa a pagar\u00bb lo que pretenden los sindicalistas.<\/strong><\/p>\n\n\n\n<p>&nbsp; &nbsp;El gremio exigi\u00f3 a Walmart, que desde el a\u00f1o pasado es propiedad del Grupo De Narv\u00e1ez, despedir a 500 de los 718 empleados del Centro de Distribuci\u00f3n (ubicado en la localidad bonaerense de Moreno), pagarles la doble indemnizaci\u00f3n y volver a emplearlos.<\/p>\n\n\n\n<p>&nbsp;&nbsp; \u00abNo hay ninguna norma que obligue a la empresa a pagar\u00bb, afirm\u00f3 Moroni en declaraciones radiales formuladas este jueves.<\/p>\n\n\n\n<p>&nbsp;&nbsp; Camioneros realiz\u00f3 bloqueos frente a ese Centro de Distribuci\u00f3n, que fueron desactivados por el Ministerio de Trabajo al dictar, la semana pasada, una conciliaci\u00f3n obligatoria por 15 d\u00edas.<\/p>\n\n\n\n<p>&nbsp;&nbsp; Moroni reconoci\u00f3 que a\u00fan est\u00e1 \u00abtratando de entender claramente cu\u00e1l es el motivo del conflicto\u00bb.<\/p>\n\n\n\n<p>&nbsp;&nbsp; En ese sentido, se\u00f1al\u00f3: \u00abhay un reclamo del pago de unas compensaciones que no entendemos cu\u00e1l es el origen. Por lo cual, creo que hay que guardar prudencia y tratar de resolver el conflicto\u00bb.<\/p>\n\n\n\n<p>&nbsp;&nbsp; Para el funcionario, normalmente existen dos tipos de conflictos: uno de derecho, donde se reclama el cumplimiento; otro de intereses, donde se exige la creaci\u00f3n de un derecho.<\/p>\n\n\n\n<p>&nbsp;&nbsp; Moroni calific\u00f3 de \u00abconflicto de intereses\u00bb a la disputa que se gener\u00f3 en Walmart, aunque reconoci\u00f3 que el pedido del sindicato tambi\u00e9n es leg\u00edtimo.<\/p>\n\n\n\n<p>&nbsp;&nbsp; \u00abEl Ministerio de Trabajo en el conflicto de intereses lo \u00fanico que hace es juntar a las partes, pero existen (los conflictos), y se reclama un nuevo derecho\u00bb, enfatiz\u00f3.<\/p>\n\n\n\n<p>&nbsp;&nbsp; A su criterio, \u00abnadie est\u00e1 obligando. No hay una norma que obligue a la empresa. Si la empresa lo quiere hacer, ser\u00e1 un pacto de la empresa\u00bb.<\/p>\n\n\n\n<p>&nbsp;&nbsp; Walmart acus\u00f3 al gremio que lideran Hugo y Pablo Moyano, en una solicitada, de llevar adelante \u00abuna pr\u00e1ctica ileg\u00edtima, no prevista por ning\u00fan marco legal vigente, ni con la forma\u00bb en que desarrollan la actividad en el pa\u00eds.<\/p>\n\n\n\n<p>&nbsp;&nbsp; Tambi\u00e9n inici\u00f3 una campa\u00f1a por redes sociales con el lema \u00abNo a los bloqueos\u00bb.<\/p>\n\n\n\n<p>&nbsp;&nbsp; La empresa resalt\u00f3: \u00abSomos un grupo argentino que en noviembre de 2020 adquirimos las acciones de Walmart en el pa\u00eds con el firme prop\u00f3sito de invertir, desarrollar, crecer y asegurar los m\u00e1s de 10.000 puestos de trabajo a nivel nacional.<\/p>\n\n\n\n<p>&nbsp;&nbsp;Un compromiso que, en un contexto adverso para la inversi\u00f3n, busc\u00f3 hacer de nuestra estrategia de crecimiento una opci\u00f3n para todos\u00bb.<\/p>\n\n\n\n<p>&nbsp;&nbsp; Pero Camioneros asegur\u00f3 que el reclamo es \u00ableg\u00edtimo y legal\u00bb dado que el empleador \u00abya no es la multinacional, lo cual genera una situaci\u00f3n de incertidumbre a los trabajadores ante la posible falta de liquidez de este Grupo\u00bb.<\/p>\n","protected":false},"excerpt":{"rendered":"<p>El ministro de Trabajo, Claudio Moroni, consider\u00f3 hoy que la disputa entre Walmart y el Sindicato de Camioneros es un \u00abconflicto de intereses\u00bb, pero aclar\u00f3 que \u00abno hay ninguna norma que obligue a la empresa a pagar\u00bb lo que pretenden los sindicalistas. &nbsp; &nbsp;El gremio exigi\u00f3 a Walmart, que desde el a\u00f1o pasado es propiedad [&hellip;]<\/p>\n","protected":false},"author":2,"featured_media":396,"comment_status":"open","ping_status":"open","sticky":false,"template":"","format":"standard","meta":{"footnotes":""},"categories":[46],"tags":[48],"class_list":["post-593","post","type-post","status-publish","format-standard","has-post-thumbnail","hentry","category-gremial","tag-destacada"],"_links":{"self":[{"href":"https:\/\/infoactual.com.ar\/index.php\/wp-json\/wp\/v2\/posts\/593","targetHints":{"allow":["GET"]}}],"collection":[{"href":"https:\/\/infoactual.com.ar\/index.php\/wp-json\/wp\/v2\/posts"}],"about":[{"href":"https:\/\/infoactual.com.ar\/index.php\/wp-json\/wp\/v2\/types\/post"}],"author":[{"embeddable":true,"href":"https:\/\/infoactual.com.ar\/index.php\/wp-json\/wp\/v2\/users\/2"}],"replies":[{"embeddable":true,"href":"https:\/\/infoactual.com.ar\/index.php\/wp-json\/wp\/v2\/comments?post=593"}],"version-history":[{"count":1,"href":"https:\/\/infoactual.com.ar\/index.php\/wp-json\/wp\/v2\/posts\/593\/revisions"}],"predecessor-version":[{"id":594,"href":"https:\/\/infoactual.com.ar\/index.php\/wp-json\/wp\/v2\/posts\/593\/revisions\/594"}],"wp:featuredmedia":[{"embeddable":true,"href":"https:\/\/infoactual.com.ar\/index.php\/wp-json\/wp\/v2\/media\/396"}],"wp:attachment":[{"href":"https:\/\/infoactual.com.ar\/index.php\/wp-json\/wp\/v2\/media?parent=593"}],"wp:term":[{"taxonomy":"category","embeddable":true,"href":"https:\/\/infoactual.com.ar\/index.php\/wp-json\/wp\/v2\/categories?post=593"},{"taxonomy":"post_tag","embeddable":true,"href":"https:\/\/infoactual.com.ar\/index.php\/wp-json\/wp\/v2\/tags?post=593"}],"curies":[{"name":"wp","href":"https:\/\/api.w.org\/{rel}","templated":true}]}}