{"id":59343,"date":"2026-08-31T08:21:34","date_gmt":"2026-08-31T11:21:34","guid":{"rendered":"https:\/\/infoactual.com.ar\/?p=59343"},"modified":"2026-08-31T08:21:47","modified_gmt":"2026-08-31T11:21:47","slug":"tras-los-cuestionamientos-milei-se-mantiene-en-escena-retoma-la-agenda-local-e-internacional","status":"publish","type":"post","link":"https:\/\/infoactual.com.ar\/index.php\/2026\/08\/31\/tras-los-cuestionamientos-milei-se-mantiene-en-escena-retoma-la-agenda-local-e-internacional\/","title":{"rendered":"Tras los cuestionamientos, Milei se mantiene en escena: retoma la agenda local e internacional"},"content":{"rendered":"\n<p class=\"wp-block-paragraph\">&nbsp;El presidente&nbsp;<strong>Javier Milei<\/strong>&nbsp;protagoniza a partir de este lunes una&nbsp;<strong>intensa agenda de actividades<\/strong>, luego de algunos d\u00edas recluido en la Quinta de Olivos, con audiencias privadas.<\/p>\n\n\n\n<p class=\"wp-block-paragraph\">Seg\u00fan supo la&nbsp;<em><strong>Agencia Noticias Argentinas<\/strong><\/em>, se trata de una determinaci\u00f3n pol\u00edtica para contrastar los cuestionamientos de la prensa a ra\u00edz de la pasividad que marcaron las jornadas tras su regreso de Colombia.<\/p>\n\n\n\n<p class=\"wp-block-paragraph\">Sin embargo, algunos interlocutores de la Casa Rosada le quitaron dramatismo a la situaci\u00f3n y aseguraron que se trat\u00f3 de una sola semana con actividad reducida.&nbsp;<strong>\u00abLe meten IVA a todo\u00bb<\/strong>, sentenci\u00f3 un alfil violeta.<\/p>\n\n\n\n<p class=\"wp-block-paragraph\">En estricta reserva, otros aseguran que el libertario recept\u00f3 la l\u00ednea de los medios de comunicaci\u00f3n, a los que apunta con intensidad desde sus redes sociales, y actu\u00f3 en consecuencia.<\/p>\n\n\n\n<p class=\"wp-block-paragraph\">Este lunes, el mandatario inaugurar\u00e1 el Congreso Americano de la Federaci\u00f3n Internacional del Autom\u00f3vil (FIA), que se celebra en la sede del&nbsp;<strong>Autom\u00f3vil Club Argentino (ACA)<\/strong>&nbsp;y que se da en medio de las negociaciones del oficialismo por la vuelta de la&nbsp;<strong>F\u00f3rmula 1<\/strong>&nbsp;al pa\u00eds.<\/p>\n\n\n\n<p class=\"wp-block-paragraph\">Asimismo, el martes volver\u00e1 a reunir al Gabinete, casi una semana despu\u00e9s del \u00faltimo intercambio en que defendi\u00f3 el programa econ\u00f3mico, y luego har\u00e1 lo propio la&nbsp;<strong>mesa pol\u00edtica<\/strong>&nbsp;que deber\u00e1 discutir el futuro de la reforma electoral. Si bien la senadora Patricia Bullrich sostuvo que la iniciativa se retomar\u00e1 en los pr\u00f3ximos d\u00edas, en el reducido c\u00edrculo&nbsp;<strong>a\u00fan hay dudas respecto a los tiempos.<\/strong><\/p>\n","protected":false},"excerpt":{"rendered":"<p>&nbsp;El presidente&nbsp;Javier Milei&nbsp;protagoniza a partir de este lunes una&nbsp;intensa agenda de actividades, luego de algunos d\u00edas recluido en la Quinta de Olivos, con audiencias privadas. Seg\u00fan supo la&nbsp;Agencia Noticias Argentinas, se trata de una determinaci\u00f3n pol\u00edtica para contrastar los cuestionamientos de la prensa a ra\u00edz de la pasividad que marcaron las jornadas tras su regreso [&hellip;]<\/p>\n","protected":false},"author":2,"featured_media":59339,"comment_status":"closed","ping_status":"closed","sticky":false,"template":"","format":"standard","meta":{"footnotes":""},"categories":[56,43],"tags":[],"class_list":["post-59343","post","type-post","status-publish","format-standard","has-post-thumbnail","hentry","category-destacada","category-politica"],"_links":{"self":[{"href":"https:\/\/infoactual.com.ar\/index.php\/wp-json\/wp\/v2\/posts\/59343","targetHints":{"allow":["GET"]}}],"collection":[{"href":"https:\/\/infoactual.com.ar\/index.php\/wp-json\/wp\/v2\/posts"}],"about":[{"href":"https:\/\/infoactual.com.ar\/index.php\/wp-json\/wp\/v2\/types\/post"}],"author":[{"embeddable":true,"href":"https:\/\/infoactual.com.ar\/index.php\/wp-json\/wp\/v2\/users\/2"}],"replies":[{"embeddable":true,"href":"https:\/\/infoactual.com.ar\/index.php\/wp-json\/wp\/v2\/comments?post=59343"}],"version-history":[{"count":2,"href":"https:\/\/infoactual.com.ar\/index.php\/wp-json\/wp\/v2\/posts\/59343\/revisions"}],"predecessor-version":[{"id":59346,"href":"https:\/\/infoactual.com.ar\/index.php\/wp-json\/wp\/v2\/posts\/59343\/revisions\/59346"}],"wp:attachment":[{"href":"https:\/\/infoactual.com.ar\/index.php\/wp-json\/wp\/v2\/media?parent=59343"}],"wp:term":[{"taxonomy":"category","embeddable":true,"href":"https:\/\/infoactual.com.ar\/index.php\/wp-json\/wp\/v2\/categories?post=59343"},{"taxonomy":"post_tag","embeddable":true,"href":"https:\/\/infoactual.com.ar\/index.php\/wp-json\/wp\/v2\/tags?post=59343"}],"curies":[{"name":"wp","href":"https:\/\/api.w.org\/{rel}","templated":true}]}}