{"id":59347,"date":"2026-08-31T08:23:02","date_gmt":"2026-08-31T11:23:02","guid":{"rendered":"https:\/\/infoactual.com.ar\/?p=59347"},"modified":"2026-08-31T08:23:03","modified_gmt":"2026-08-31T11:23:03","slug":"senado-el-oficialismo-hace-equilibrio-y-negocia-con-los-aliados-para-destrabar-su-agenda-legislativa","status":"publish","type":"post","link":"https:\/\/infoactual.com.ar\/index.php\/2026\/08\/31\/senado-el-oficialismo-hace-equilibrio-y-negocia-con-los-aliados-para-destrabar-su-agenda-legislativa\/","title":{"rendered":"Senado: el oficialismo hace equilibrio y negocia con los aliados para destrabar su agenda legislativa"},"content":{"rendered":"\n<p class=\"wp-block-paragraph\"><strong>La Libertad Avanza apuesta esta semana a avanzar con&nbsp;<\/strong><a href=\"https:\/\/noticiasargentinas.com\/politica\/-nota-domingo-edita-gonzalo--senado-rigi--la-casa-rosada-no-quiere-cambios-en-el-rigi--pero-bullrich-avanzaria-para-lograr-consensos_a6a919bd375869a1185471853\"><strong>proyectos reclamados por radicales y bloques provinciales<\/strong><\/a>,<strong>&nbsp;<\/strong>como parte de una estrategia para garantizar acuerdos que le permitan llevar al recinto sus principales reformas en septiembre.<\/p>\n\n\n\n<p class=\"wp-block-paragraph\"><strong>El r\u00e9gimen para medianas inversiones, el mercado de carbono y los biocombustibles son los temas que quieren tratar la oposici\u00f3n dialoguista<\/strong>, mientras que el Gobierno quiere sancionar los proyectos de reforma del Banco Central, Inocencia Fiscal II y la reforma electoral.<\/p>\n\n\n\n<p class=\"wp-block-paragraph\">Por ese motivo, el oficialismo buscar\u00e1 esta semana aceitar su v\u00ednculo con los bloques dialoguistas del Senado mediante el avance de una serie de proyectos que responden a demandas de radicales y representantes provinciales, en una estrategia destinada a construir acuerdos antes de intentar aprobar su propia agenda legislativa, informaron fuentes a la&nbsp;<strong>Agencia Noticias Argentinas<\/strong>.<\/p>\n\n\n\n<p class=\"wp-block-paragraph\">La bancada de La Libertad Avanza, que conduce Patricia Bullrich, apunta as\u00ed a conceder espacio a iniciativas vinculadas con las econom\u00edas regionales y los sectores productivos de distintas provincias,&nbsp;<strong>con la expectativa de que ese gesto facilite luego el tratamiento de las reformas que el Gobierno considera prioritarias.<\/strong><\/p>\n\n\n\n<p class=\"wp-block-paragraph\">La estrategia oficialista tiene un objetivo pol\u00edtico concreto:&nbsp;<strong>construir los acuerdos necesarios para que el Senado pueda avanzar con las reformas que el Gobierno pretende llevar al recinto durante septiembre<\/strong>.<\/p>\n\n\n\n<p class=\"wp-block-paragraph\">El escenario obliga al oficialismo a negociar con una oposici\u00f3n que no act\u00faa como un bloque homog\u00e9neo y que, en distintas iniciativas, condiciona su respaldo a cambios que contemplen intereses productivos y fiscales de las provincias.<\/p>\n","protected":false},"excerpt":{"rendered":"<p>La Libertad Avanza apuesta esta semana a avanzar con&nbsp;proyectos reclamados por radicales y bloques provinciales,&nbsp;como parte de una estrategia para garantizar acuerdos que le permitan llevar al recinto sus principales reformas en septiembre. El r\u00e9gimen para medianas inversiones, el mercado de carbono y los biocombustibles son los temas que quieren tratar la oposici\u00f3n dialoguista, mientras [&hellip;]<\/p>\n","protected":false},"author":2,"featured_media":59348,"comment_status":"closed","ping_status":"closed","sticky":false,"template":"","format":"standard","meta":{"footnotes":""},"categories":[43],"tags":[],"class_list":["post-59347","post","type-post","status-publish","format-standard","has-post-thumbnail","hentry","category-politica"],"_links":{"self":[{"href":"https:\/\/infoactual.com.ar\/index.php\/wp-json\/wp\/v2\/posts\/59347","targetHints":{"allow":["GET"]}}],"collection":[{"href":"https:\/\/infoactual.com.ar\/index.php\/wp-json\/wp\/v2\/posts"}],"about":[{"href":"https:\/\/infoactual.com.ar\/index.php\/wp-json\/wp\/v2\/types\/post"}],"author":[{"embeddable":true,"href":"https:\/\/infoactual.com.ar\/index.php\/wp-json\/wp\/v2\/users\/2"}],"replies":[{"embeddable":true,"href":"https:\/\/infoactual.com.ar\/index.php\/wp-json\/wp\/v2\/comments?post=59347"}],"version-history":[{"count":1,"href":"https:\/\/infoactual.com.ar\/index.php\/wp-json\/wp\/v2\/posts\/59347\/revisions"}],"predecessor-version":[{"id":59349,"href":"https:\/\/infoactual.com.ar\/index.php\/wp-json\/wp\/v2\/posts\/59347\/revisions\/59349"}],"wp:featuredmedia":[{"embeddable":true,"href":"https:\/\/infoactual.com.ar\/index.php\/wp-json\/wp\/v2\/media\/59348"}],"wp:attachment":[{"href":"https:\/\/infoactual.com.ar\/index.php\/wp-json\/wp\/v2\/media?parent=59347"}],"wp:term":[{"taxonomy":"category","embeddable":true,"href":"https:\/\/infoactual.com.ar\/index.php\/wp-json\/wp\/v2\/categories?post=59347"},{"taxonomy":"post_tag","embeddable":true,"href":"https:\/\/infoactual.com.ar\/index.php\/wp-json\/wp\/v2\/tags?post=59347"}],"curies":[{"name":"wp","href":"https:\/\/api.w.org\/{rel}","templated":true}]}}