{"id":59656,"date":"2026-09-05T20:11:35","date_gmt":"2026-09-05T23:11:35","guid":{"rendered":"https:\/\/infoactual.com.ar\/?p=59656"},"modified":"2026-09-04T20:25:07","modified_gmt":"2026-09-04T23:25:07","slug":"milei-reivindico-sus-politicas-y-advirtio-entre-aca-por-el-bronce-no-voy-a-borrar-con-el-codo-lo-que-escribi-con-la-mano","status":"publish","type":"post","link":"https:\/\/infoactual.com.ar\/index.php\/2026\/09\/05\/milei-reivindico-sus-politicas-y-advirtio-entre-aca-por-el-bronce-no-voy-a-borrar-con-el-codo-lo-que-escribi-con-la-mano\/","title":{"rendered":"Milei reivindic\u00f3 sus pol\u00edticas y advirti\u00f3: \u201cEntr\u00e9 ac\u00e1 por el bronce, no voy a borrar con el codo lo que escrib\u00ed con la mano\u201c"},"content":{"rendered":"\n<p class=\"wp-block-paragraph\">El presidente&nbsp;<strong>Javier Milei dijo este viernes que no va a \u00abcambiar la pol\u00edtica fiscal ni la pol\u00edtica monetaria\u00bb y advirti\u00f3: \u00abEntr\u00e9 ac\u00e1 por el bronce, no voy a borrar con el codo lo que escrib\u00ed con la mano\u00bb.&nbsp;<\/strong><\/p>\n\n\n\n<p class=\"wp-block-paragraph\">En su mensaje en el cierre del evento del IAEF en Misiones, ante empresarios y economistas, el mandatario&nbsp;<strong>remarc\u00f3 que \u00abpor un capricho electoral no va a cambiar su forma de actuar\u00bb.&nbsp;<\/strong><\/p>\n\n\n\n<p class=\"wp-block-paragraph\">Volvi\u00f3 a referirse adem\u00e1s al tema del sobreendeudamiento y&nbsp;<strong>dijo que las cr\u00edticas que recibe el Gobierno por la morosidad de las familias es para \u00abmanipular a la poblaci\u00f3n\u00bb.<\/strong><\/p>\n\n\n\n<p class=\"wp-block-paragraph\">Y agreg\u00f3:&nbsp;<strong>\u00abSi no prestaran, la mora seria cero, pero ese mundo no estar\u00eda bueno\u00bb E insisti\u00f3: \u00abMiles de pymes ni calificaban para tomar deuda y hoy si\u00bb.<\/strong><\/p>\n\n\n\n<p class=\"wp-block-paragraph\">Tambi\u00e9n hizo una alusi\u00f3n al tema Malvinas, tras sus recientes anuncios, al se\u00f1alar que la inversiones que est\u00e1n llegando al pa\u00eds posiciona a la Argentina mejor en el tablero geopol\u00edtico.<\/p>\n\n\n\n<p class=\"wp-block-paragraph\">\u201cEstamos hablando de 200 mil millones de d\u00f3lares que van a ser invertidos en nuestra econom\u00eda durante los pr\u00f3ximos a\u00f1os para potenciar distintos sectores con mucho potencial, como la generaci\u00f3n de energ\u00eda, la miner\u00eda, la infraestructura, la tecnolog\u00eda y la siderurgia; sectores que van a expandir a\u00fan m\u00e1s nuestras exportaciones nacionales y que, dicho sea de paso,<strong>&nbsp;nos permite ser un jugador importante de manera geopol\u00edtica y nos permite poder avanzar en el reclamo de nuestra soberan\u00eda sobre Malvinas\u201d, dijo<\/strong>.<\/p>\n\n\n\n<p class=\"wp-block-paragraph\">\u00abVenimos recomponiendo la credibilidad p\u00fablica, algo necesario para poner al pa\u00eds de pie\u00bb, destac\u00f3 Milei al iniciar su discurso, mientras que luego plante\u00f3 que<strong>&nbsp;\u00abtodav\u00eda hay sobrante monetario\u00bb y que su compromiso sigue siendo \u00abterminar de una vez con la maldita inflaci\u00f3n\u00bb.<\/strong><\/p>\n\n\n\n<p class=\"wp-block-paragraph\">En otro tramo sostuvo que tras las elecciones del pr\u00f3ximo a\u00f1o, el oficialismo va a \u00abincrementar\u00bb la cantidad de diputados y va a quedar \u00aba dos senadores del qu\u00f3rum\u00bb, mientras que agreg\u00f3: \u00abAh\u00ed van a ver lo que es acelerar a fondo\u00bb.<\/p>\n\n\n\n<p class=\"wp-block-paragraph\">El Presidente dijo que<strong>&nbsp;su gobierno es el que tuvo \u00abm\u00e1s medidas pro pobres de la historia\u00bb, como el caso de \u00abla baja de la inflaci\u00f3n\u00bb.<\/strong>&nbsp;\u00abOtra pol\u00edtica muy pro pobre es bajar la inseguridad porque la personas con recursos se pueden pagar seguridad privada\u00bb.<\/p>\n\n\n\n<p class=\"wp-block-paragraph\">\u201cRiesgo pa\u00eds bajo implica cr\u00e9dito m\u00e1s accesible, lo cual significa un mayor nivel de inversi\u00f3n y, por lo tanto, m\u00e1s puestos de trabajo genuinos\u201d, destac\u00f3 en otro p\u00e1rrafo de su extrenso discurso que super\u00f3 la hora de duraci\u00f3n.<\/p>\n\n\n\n<p class=\"wp-block-paragraph\">Agencia NA<\/p>\n","protected":false},"excerpt":{"rendered":"<p>El presidente&nbsp;Javier Milei dijo este viernes que no va a \u00abcambiar la pol\u00edtica fiscal ni la pol\u00edtica monetaria\u00bb y advirti\u00f3: \u00abEntr\u00e9 ac\u00e1 por el bronce, no voy a borrar con el codo lo que escrib\u00ed con la mano\u00bb.&nbsp; En su mensaje en el cierre del evento del IAEF en Misiones, ante empresarios y economistas, el [&hellip;]<\/p>\n","protected":false},"author":2,"featured_media":59657,"comment_status":"closed","ping_status":"closed","sticky":false,"template":"","format":"standard","meta":{"footnotes":""},"categories":[56,43],"tags":[],"class_list":["post-59656","post","type-post","status-publish","format-standard","has-post-thumbnail","hentry","category-destacada","category-politica"],"_links":{"self":[{"href":"https:\/\/infoactual.com.ar\/index.php\/wp-json\/wp\/v2\/posts\/59656","targetHints":{"allow":["GET"]}}],"collection":[{"href":"https:\/\/infoactual.com.ar\/index.php\/wp-json\/wp\/v2\/posts"}],"about":[{"href":"https:\/\/infoactual.com.ar\/index.php\/wp-json\/wp\/v2\/types\/post"}],"author":[{"embeddable":true,"href":"https:\/\/infoactual.com.ar\/index.php\/wp-json\/wp\/v2\/users\/2"}],"replies":[{"embeddable":true,"href":"https:\/\/infoactual.com.ar\/index.php\/wp-json\/wp\/v2\/comments?post=59656"}],"version-history":[{"count":1,"href":"https:\/\/infoactual.com.ar\/index.php\/wp-json\/wp\/v2\/posts\/59656\/revisions"}],"predecessor-version":[{"id":59658,"href":"https:\/\/infoactual.com.ar\/index.php\/wp-json\/wp\/v2\/posts\/59656\/revisions\/59658"}],"wp:featuredmedia":[{"embeddable":true,"href":"https:\/\/infoactual.com.ar\/index.php\/wp-json\/wp\/v2\/media\/59657"}],"wp:attachment":[{"href":"https:\/\/infoactual.com.ar\/index.php\/wp-json\/wp\/v2\/media?parent=59656"}],"wp:term":[{"taxonomy":"category","embeddable":true,"href":"https:\/\/infoactual.com.ar\/index.php\/wp-json\/wp\/v2\/categories?post=59656"},{"taxonomy":"post_tag","embeddable":true,"href":"https:\/\/infoactual.com.ar\/index.php\/wp-json\/wp\/v2\/tags?post=59656"}],"curies":[{"name":"wp","href":"https:\/\/api.w.org\/{rel}","templated":true}]}}